{"id":41212,"date":"2025-03-21T07:44:57","date_gmt":"2025-03-21T07:44:57","guid":{"rendered":"https:\/\/247stiri.ro\/index.php\/2025\/03\/21\/donald-trump-a-semnat-un-decret-vizand-eliminarea-departamentului-educatiei\/"},"modified":"2025-03-21T07:44:57","modified_gmt":"2025-03-21T07:44:57","slug":"donald-trump-a-semnat-un-decret-vizand-eliminarea-departamentului-educatiei","status":"publish","type":"post","link":"https:\/\/247stiri.ro\/index.php\/2025\/03\/21\/donald-trump-a-semnat-un-decret-vizand-eliminarea-departamentului-educatiei\/","title":{"rendered":"Donald Trump a semnat un decret viz\u00e2nd eliminarea Departamentului Educa\u021biei"},"content":{"rendered":"<p>&#8222;O s\u0103-l elimin\u0103m&#8221;, a declarat pre\u0219edintele american, cu pu\u021bin timp \u00eenainte de a semna documentul la Casa Alb\u0103.\u00a0<\/p>\n<p>&#8222;O s\u0103-l \u00eenchidem \u0219i o s\u0103-l \u00eenchidem c\u00e2t mai repede posibil&#8221;, a ad\u0103ugat Trump.<\/p>\n<p>\u00centr-un salon al Casei Albe transformat par\u021bial \u00eentr-o sal\u0103 de clas\u0103, \u00eenconjurat de copii a\u0219eza\u021bi \u00een b\u0103nci, pre\u0219edintele american a desfiin\u021bat institu\u021bia creat\u0103 \u00een 1979, al c\u0103rei rol \u00een Statele Unite este relativ limitat.<\/p>\n<p>Potrivit decretului, secretara Educa\u021biei Linda McMahon are misiunea de a &#8222;\u00eencepe eliminarea departamentului odat\u0103 pentru totdeauna&#8221;, a spus Donald Trump. Ea a eliminat deja aproximativ 2.000 de posturi din departament, jum\u0103tate din efectivul total.<\/p>\n<p>Liderul democra\u021bilor din Senatul SUA, Chuck Schumer, a cerut joi instan\u021belor s\u0103 ac\u021bioneze pentru a &#8222;pune cap\u0103t loviturii de for\u021b\u0103 tiranice date de Donald Trump&#8221;, dup\u0103 decretul semnat de pre\u0219edintelui republican care vizeaz\u0103 desfiin\u021barea Departamentului Educa\u021biei.<\/p>\n<p>Descriind acest decret drept &#8222;una dintre m\u0103surile cele mai distructive \u0219i devastatoare&#8221; luate vreodat\u0103 de pre\u0219edinte, Chuck Schumer a dat asigur\u0103ri c\u0103 &#8222;aceast\u0103 decizie oribil\u0103 luat\u0103 de Donald Trump va fi resim\u021bit\u0103 de profesori, p\u0103rin\u021bi, conduc\u0103tori de \u0219coal\u0103 \u0219i \u00een calitatea educa\u021biei pe care o primesc copiii no\u0219tri&#8221;.<\/p>","protected":false},"excerpt":{"rendered":"<p>&#8222;O s\u0103-l elimin\u0103m&#8221;, a declarat pre\u0219edintele american, cu pu\u021bin timp \u00eenainte de a semna documentul&hellip;<\/p>\n","protected":false},"author":0,"featured_media":41213,"comment_status":"open","ping_status":"open","sticky":false,"template":"","format":"standard","meta":{"footnotes":""},"categories":[4],"tags":[],"class_list":["post-41212","post","type-post","status-publish","format-standard","has-post-thumbnail","hentry","category-extern"],"_links":{"self":[{"href":"https:\/\/247stiri.ro\/index.php\/wp-json\/wp\/v2\/posts\/41212","targetHints":{"allow":["GET"]}}],"collection":[{"href":"https:\/\/247stiri.ro\/index.php\/wp-json\/wp\/v2\/posts"}],"about":[{"href":"https:\/\/247stiri.ro\/index.php\/wp-json\/wp\/v2\/types\/post"}],"replies":[{"embeddable":true,"href":"https:\/\/247stiri.ro\/index.php\/wp-json\/wp\/v2\/comments?post=41212"}],"version-history":[{"count":0,"href":"https:\/\/247stiri.ro\/index.php\/wp-json\/wp\/v2\/posts\/41212\/revisions"}],"wp:featuredmedia":[{"embeddable":true,"href":"https:\/\/247stiri.ro\/index.php\/wp-json\/wp\/v2\/media\/41213"}],"wp:attachment":[{"href":"https:\/\/247stiri.ro\/index.php\/wp-json\/wp\/v2\/media?parent=41212"}],"wp:term":[{"taxonomy":"category","embeddable":true,"href":"https:\/\/247stiri.ro\/index.php\/wp-json\/wp\/v2\/categories?post=41212"},{"taxonomy":"post_tag","embeddable":true,"href":"https:\/\/247stiri.ro\/index.php\/wp-json\/wp\/v2\/tags?post=41212"}],"curies":[{"name":"wp","href":"https:\/\/api.w.org\/{rel}","templated":true}]}}