{"id":41214,"date":"2025-03-21T07:44:58","date_gmt":"2025-03-21T07:44:58","guid":{"rendered":"https:\/\/247stiri.ro\/index.php\/2025\/03\/21\/razboi-in-ucraina-ziua-1122-emmanuel-macron-anunta-un-summit-pe-27-martie-la-paris-cu-zelenski-si-aliatii-kievului-live-text\/"},"modified":"2025-03-21T07:44:58","modified_gmt":"2025-03-21T07:44:58","slug":"razboi-in-ucraina-ziua-1122-emmanuel-macron-anunta-un-summit-pe-27-martie-la-paris-cu-zelenski-si-aliatii-kievului-live-text","status":"publish","type":"post","link":"https:\/\/247stiri.ro\/index.php\/2025\/03\/21\/razboi-in-ucraina-ziua-1122-emmanuel-macron-anunta-un-summit-pe-27-martie-la-paris-cu-zelenski-si-aliatii-kievului-live-text\/","title":{"rendered":"R\u0103zboi \u00een Ucraina, ziua 1122. Emmanuel Macron anun\u021b\u0103 un summit pe 27 martie, la Paris, cu Zelenski \u0219i alia\u021bii Kievului &#8211; LIVE TEXT"},"content":{"rendered":"<p>&#8222;Vom avea joia viitoare un summit al coali\u021biei voluntarilor&#8221;, a declarat pre\u0219edintele francez la finalul unui summit european la Bruxelles.<\/p>\n<p>&#8222;Obiectivul meu pentru joi este \u00een primul r\u00e2nd s\u0103 existe acolo un angajament reiterat \u0219i explicit \u0219i poate c\u0103 un pic specificat cu privire la sprijinul pe termen scurt pentru Ucraina&#8221;, a afirmat Macron.<\/p>\n<p>Acest nou summit, care urmeaz\u0103 unei prime \u00eent\u00e2lniri care s-a desf\u0103\u0219urat la Londra la \u00eenceputul lui martie, va avea loc dup\u0103 discu\u021bii conduse de SUA cu Rusia \u0219i Ucraina, prev\u0103zute luni \u00een Arabia Saudit\u0103, \u00een vederea asigur\u0103rii unui armisti\u021biu limitat.<\/p>\n<p>Macron \u0219i premierul britanic Keir Starmer \u00eencearc\u0103 s\u0103 \u00eenfiin\u021beze aceast\u0103 coali\u021bie a \u021b\u0103rilor ce sus\u021bin Ucraina, dup\u0103 ce pre\u0219edintele american Donald Trump a demarat discu\u021bii directe cu Rusia luna trecut\u0103, cu scopul de a pune cap\u0103t r\u0103zboiului care dureaz\u0103 deja de peste trei ani.<\/p>\n<p>&#8222;Am f\u0103cut o munc\u0103 important\u0103 cu britanicii asupra condi\u021biilor pentru supravegherea armisti\u021biului \u0219i prin urmare eu cred c\u0103 aceasta va constitui ocazia pentru a discuta despre aceasta \u0219i despre a o preciza&#8221;, a declarat Emmanuel Macron.<\/p>\n<p>&#8222;Obiectivul ulterior este de a preciza diferitele niveluri de sprijin pentru Ucraina dup\u0103 pace, cel pentru armata ucrainean\u0103 \u0219i eventual cel pentru desf\u0103\u0219urare&#8221;, a ad\u0103ugat Macron.\u00a0<\/p>","protected":false},"excerpt":{"rendered":"<p>&#8222;Vom avea joia viitoare un summit al coali\u021biei voluntarilor&#8221;, a declarat pre\u0219edintele francez la finalul&hellip;<\/p>\n","protected":false},"author":0,"featured_media":41215,"comment_status":"open","ping_status":"open","sticky":false,"template":"","format":"standard","meta":{"footnotes":""},"categories":[4],"tags":[],"class_list":["post-41214","post","type-post","status-publish","format-standard","has-post-thumbnail","hentry","category-extern"],"_links":{"self":[{"href":"https:\/\/247stiri.ro\/index.php\/wp-json\/wp\/v2\/posts\/41214","targetHints":{"allow":["GET"]}}],"collection":[{"href":"https:\/\/247stiri.ro\/index.php\/wp-json\/wp\/v2\/posts"}],"about":[{"href":"https:\/\/247stiri.ro\/index.php\/wp-json\/wp\/v2\/types\/post"}],"replies":[{"embeddable":true,"href":"https:\/\/247stiri.ro\/index.php\/wp-json\/wp\/v2\/comments?post=41214"}],"version-history":[{"count":0,"href":"https:\/\/247stiri.ro\/index.php\/wp-json\/wp\/v2\/posts\/41214\/revisions"}],"wp:featuredmedia":[{"embeddable":true,"href":"https:\/\/247stiri.ro\/index.php\/wp-json\/wp\/v2\/media\/41215"}],"wp:attachment":[{"href":"https:\/\/247stiri.ro\/index.php\/wp-json\/wp\/v2\/media?parent=41214"}],"wp:term":[{"taxonomy":"category","embeddable":true,"href":"https:\/\/247stiri.ro\/index.php\/wp-json\/wp\/v2\/categories?post=41214"},{"taxonomy":"post_tag","embeddable":true,"href":"https:\/\/247stiri.ro\/index.php\/wp-json\/wp\/v2\/tags?post=41214"}],"curies":[{"name":"wp","href":"https:\/\/api.w.org\/{rel}","templated":true}]}}