{"id":41222,"date":"2025-03-21T07:45:01","date_gmt":"2025-03-21T07:45:01","guid":{"rendered":"https:\/\/247stiri.ro\/index.php\/2025\/03\/21\/mobilizarea-masiva-pentru-ziua-de-26-martie-romanii-din-tara-si-din-strainatate-sarbatoresc-ziua-lui-calin-georgescu-realitatea-plus-televiziunea-poporului-partener-media-video\/"},"modified":"2025-03-21T07:45:01","modified_gmt":"2025-03-21T07:45:01","slug":"mobilizarea-masiva-pentru-ziua-de-26-martie-romanii-din-tara-si-din-strainatate-sarbatoresc-ziua-lui-calin-georgescu-realitatea-plus-televiziunea-poporului-partener-media-video","status":"publish","type":"post","link":"https:\/\/247stiri.ro\/index.php\/2025\/03\/21\/mobilizarea-masiva-pentru-ziua-de-26-martie-romanii-din-tara-si-din-strainatate-sarbatoresc-ziua-lui-calin-georgescu-realitatea-plus-televiziunea-poporului-partener-media-video\/","title":{"rendered":"Mobilizarea masiv\u0103 pentru ziua de 26 Martie. Rom\u00e2nii din \u021bar\u0103 \u0219i din str\u0103in\u0103tate s\u0103rb\u0103toresc ziua lui C\u0103lin Georgescu. Realitatea Plus &#8211; Televiziunea Poporului, partener media &#8211; VIDEO"},"content":{"rendered":"<p>La manifesta\u021bie vor fi prezen\u021bi \u0219i George Simion, liderul suverani\u0219tilor, dar \u0219i Marius Tuc\u0103. Este mobilizare uria\u0219\u0103 \u0219i pe re\u021belele de socializare, acolo unde rom\u00e2ni din toate col\u021burile \u021b\u0103rii, dar \u0219i din diaspora au anun\u021bat c\u0103 vor fi prezen\u021bi \u00een Capital\u0103 pentru a-i face o surpriz\u0103 fostului candidat la preziden\u021biale votat \u00een num\u0103r at\u00e2t de mare \u00een primul tur.\u00a0<\/p>\n\n<p>\u00a0\u00a0\u00a0\u00a0<\/p>","protected":false},"excerpt":{"rendered":"<p>La manifesta\u021bie vor fi prezen\u021bi \u0219i George Simion, liderul suverani\u0219tilor, dar \u0219i Marius Tuc\u0103. Este&hellip;<\/p>\n","protected":false},"author":0,"featured_media":41223,"comment_status":"open","ping_status":"open","sticky":false,"template":"","format":"standard","meta":{"footnotes":""},"categories":[2],"tags":[],"class_list":["post-41222","post","type-post","status-publish","format-standard","has-post-thumbnail","hentry","category-actual"],"_links":{"self":[{"href":"https:\/\/247stiri.ro\/index.php\/wp-json\/wp\/v2\/posts\/41222","targetHints":{"allow":["GET"]}}],"collection":[{"href":"https:\/\/247stiri.ro\/index.php\/wp-json\/wp\/v2\/posts"}],"about":[{"href":"https:\/\/247stiri.ro\/index.php\/wp-json\/wp\/v2\/types\/post"}],"replies":[{"embeddable":true,"href":"https:\/\/247stiri.ro\/index.php\/wp-json\/wp\/v2\/comments?post=41222"}],"version-history":[{"count":0,"href":"https:\/\/247stiri.ro\/index.php\/wp-json\/wp\/v2\/posts\/41222\/revisions"}],"wp:featuredmedia":[{"embeddable":true,"href":"https:\/\/247stiri.ro\/index.php\/wp-json\/wp\/v2\/media\/41223"}],"wp:attachment":[{"href":"https:\/\/247stiri.ro\/index.php\/wp-json\/wp\/v2\/media?parent=41222"}],"wp:term":[{"taxonomy":"category","embeddable":true,"href":"https:\/\/247stiri.ro\/index.php\/wp-json\/wp\/v2\/categories?post=41222"},{"taxonomy":"post_tag","embeddable":true,"href":"https:\/\/247stiri.ro\/index.php\/wp-json\/wp\/v2\/tags?post=41222"}],"curies":[{"name":"wp","href":"https:\/\/api.w.org\/{rel}","templated":true}]}}