{"id":41242,"date":"2025-03-21T08:45:06","date_gmt":"2025-03-21T08:45:06","guid":{"rendered":"https:\/\/247stiri.ro\/index.php\/2025\/03\/21\/minorii-care-au-batut-si-injunghiat-un-coleg-de-scoala-arestatii-pentru-tentativa-de-omor-victima-este-in-continuare-internata-in-spital\/"},"modified":"2025-03-21T08:45:06","modified_gmt":"2025-03-21T08:45:06","slug":"minorii-care-au-batut-si-injunghiat-un-coleg-de-scoala-arestatii-pentru-tentativa-de-omor-victima-este-in-continuare-internata-in-spital","status":"publish","type":"post","link":"https:\/\/247stiri.ro\/index.php\/2025\/03\/21\/minorii-care-au-batut-si-injunghiat-un-coleg-de-scoala-arestatii-pentru-tentativa-de-omor-victima-este-in-continuare-internata-in-spital\/","title":{"rendered":"Minorii care au b\u0103tut \u0219i \u00eenjunghiat un coleg de \u0219coal\u0103, aresta\u021biI pentru tentativ\u0103 de OMOR. Victima este \u00een continuare internat\u0103 \u00een spital"},"content":{"rendered":"<p>Procurorii Parchetului de pe l\u00e2ng\u0103 Tribunalul Bucure\u015fti au pus \u00een mi\u015fcare ac\u0163iunea penal\u0103 fa\u0163\u0103 de trei inculpa\u0163i minori, cerceta\u0163i pentru s\u0103v\u00e2r\u015firea infrac\u0163iunilor de tentativ\u0103 de omor \u015fi tulburarea ordinii \u015fi lini\u015ftii publice.<\/p>\n<p>\u00cen baza mijloacelor de prob\u0103 administrate, procurorii au stabilit c\u0103, \u00een 19 martie, \u00een jurul orei 13.00, \u00een apropierea unei \u015fcoli din sectorul 2 al Capitalei, trei minori, doi \u00een v\u00e2rst\u0103 de 14 ani \u015fi unul de 15 ani, colegi de \u015fcoal\u0103 cu b\u0103iatul agresat (\u00een v\u00e2rst\u0103 de 15 ani), l-au urm\u0103rit pe acesta, la ie\u015firea din curtea \u015fcolii, \u015fi l-au lovit cu pumnii \u015fi picioarele \u00een mai multe zone ale corpului. \u00cen plus, minorul \u00een v\u00e2rst\u0103 de 15 ani l-a \u00eenjunghiat pe b\u0103iat cu un cu\u0163it \u00een abdomen, provoc\u00e2ndu-i o ran\u0103 care i-a pus victimei via\u0163a \u00een primejdie.<\/p>\n<p>Violen\u0163ele asupra b\u0103iatului au fost oprite datorit\u0103 interven\u0163iei unor p\u0103rin\u0163i afla\u0163i \u00een zon\u0103.<\/p>\n<p>Victima a fost transportat\u0103 la SpitalulGrigore Alexandrescu din Capital\u0103, unde este internat\u0103 \u00ee\u0219i \u00een prezent.<\/p>\n<p>Potrivit procurorilor, prin violen\u0163ele men\u0163ionate, care au fost observate de mai multe persoane aflate \u00een apropiere, a fost tulburat\u0103 ordinea \u015fi lini\u015ftea public\u0103.<\/p>\n<p>Re\u0163inu\u0163i ini\u0163ial pentru 24 de ore, cei trei minori au fost ulterior aresta\u0163i preventiv pentru 30 de zile, \u00een baza unei decizii a Tribunalului Bucure\u015fti.<\/p>\n<p>Cercet\u0103rile sunt continuate de c\u0103tre Parchetul de pe l\u00e2ng\u0103 Tribunalul Bucure\u015fti \u015fi Direc\u0163ia General\u0103 de Poli\u0163ie a Municipiului Bucure\u015fti \u2013 Serviciul Omoruri.<\/p>\n<p>Potrivit unor surse judiciare, violen\u0163ele au avut loc \u00een arpopierea \u015ecolii Gimnaziale nr. 39, de pe \u015eoseaua Colentina, din sectorul 2 al Capitalei.<\/p>\n<p>\u00a0<\/p>\n<p>\u00a0<\/p>","protected":false},"excerpt":{"rendered":"<p>Procurorii Parchetului de pe l\u00e2ng\u0103 Tribunalul Bucure\u015fti au pus \u00een mi\u015fcare ac\u0163iunea penal\u0103 fa\u0163\u0103 de&hellip;<\/p>\n","protected":false},"author":0,"featured_media":41243,"comment_status":"open","ping_status":"open","sticky":false,"template":"","format":"standard","meta":{"footnotes":""},"categories":[2],"tags":[],"class_list":["post-41242","post","type-post","status-publish","format-standard","has-post-thumbnail","hentry","category-actual"],"_links":{"self":[{"href":"https:\/\/247stiri.ro\/index.php\/wp-json\/wp\/v2\/posts\/41242","targetHints":{"allow":["GET"]}}],"collection":[{"href":"https:\/\/247stiri.ro\/index.php\/wp-json\/wp\/v2\/posts"}],"about":[{"href":"https:\/\/247stiri.ro\/index.php\/wp-json\/wp\/v2\/types\/post"}],"replies":[{"embeddable":true,"href":"https:\/\/247stiri.ro\/index.php\/wp-json\/wp\/v2\/comments?post=41242"}],"version-history":[{"count":0,"href":"https:\/\/247stiri.ro\/index.php\/wp-json\/wp\/v2\/posts\/41242\/revisions"}],"wp:featuredmedia":[{"embeddable":true,"href":"https:\/\/247stiri.ro\/index.php\/wp-json\/wp\/v2\/media\/41243"}],"wp:attachment":[{"href":"https:\/\/247stiri.ro\/index.php\/wp-json\/wp\/v2\/media?parent=41242"}],"wp:term":[{"taxonomy":"category","embeddable":true,"href":"https:\/\/247stiri.ro\/index.php\/wp-json\/wp\/v2\/categories?post=41242"},{"taxonomy":"post_tag","embeddable":true,"href":"https:\/\/247stiri.ro\/index.php\/wp-json\/wp\/v2\/tags?post=41242"}],"curies":[{"name":"wp","href":"https:\/\/api.w.org\/{rel}","templated":true}]}}