{"id":41247,"date":"2025-03-21T08:45:08","date_gmt":"2025-03-21T08:45:08","guid":{"rendered":"https:\/\/247stiri.ro\/index.php\/2025\/03\/21\/bogdan-peschir-bogpr-dus-din-nou-la-audieri-influencerul-a-fost-umilit-de-oamenii-lui-predoiu-in-fata-presei\/"},"modified":"2025-03-21T08:45:08","modified_gmt":"2025-03-21T08:45:08","slug":"bogdan-peschir-bogpr-dus-din-nou-la-audieri-influencerul-a-fost-umilit-de-oamenii-lui-predoiu-in-fata-presei","status":"publish","type":"post","link":"https:\/\/247stiri.ro\/index.php\/2025\/03\/21\/bogdan-peschir-bogpr-dus-din-nou-la-audieri-influencerul-a-fost-umilit-de-oamenii-lui-predoiu-in-fata-presei\/","title":{"rendered":"Bogdan Pe\u0219chir bogPR, dus din nou la audieri. Influencerul a fost umilit de oamenii lui Predoiu, \u00een fa\u021ba presei"},"content":{"rendered":"<p>\u00cen urma perchezi\u021biilor care au avut loc joi, Bogdan Pe\u0219chir a fost ridicat de la Bra\u0219ov \u0219i adus la audieri \u00een Bucure\u0219ti. Ancheta va continua \u0219i vineri. Procurorii sus\u021bin c\u0103 cel Bogdan Pe\u0219chir bogPR ar fi dat peste 300 de mii de euro pentru sponsorizarea campaniei pe TikTok a lui C\u0103lin Georgescu.<\/p>\n<p>Avocatul omului de afaceri a afirmat, \u00een exclusivitate la Realitatea PLUS, despre modul \u00een care apropia\u021bii lui C\u0103lin Georgescu sunt \u0219i acum pu\u0219i la zid chiar \u0219i dup\u0103 ce acestuia i-a fost refuzat\u0103 candidatura.<\/p>\n<p><a href=\"https:\/\/www.realitatea.net\/stiri\/actual\/avocatul-ingrid-mocanu-despre-legitimarea-lui-bogdan-peschir-bogpr-in-fata-presei-abuz-in-serviciu-nu-bagi-un-om-in-duba-si-nu-cunosti-cine-e-este-inadmisibil-si-inuman_67dc75b303f56d412f731352\" target=\"_blank\">Avocata lui C\u0103lin Georgescu, despre legitimarea lui Bogdan Pe\u0219chir \u201dBogPR\u201d \u00een fa\u021ba presei: \u201dAbuz \u00een serviciu. Nu bagi un om \u00een dub\u0103 \u0219i nu cuno\u0219ti cine e. Este inadmisibil \u0219i inuman\u201d<\/a><\/p>\n<p>Potrivit avocatului, toate probele au fost deja ridicata, iar omul de afaceri nici nu mai locuie\u0219te \u00een prezent la acea adres\u0103. De trei luni anchetatorii tot \u00eencearc\u0103 s\u0103 g\u0103seasc\u0103 ceva in anchet\u0103, dar nici p\u00e2n\u0103 ast\u0103zi nu a fost pus nimeni sub acuzare, ceea ce ar putea s\u0103 \u00eensemne c\u0103, cel mai probabil, nu exist\u0103 probe c\u0103 s-ar fi s\u0103v\u00e2r\u0219it o ilegalitate.<\/p>","protected":false},"excerpt":{"rendered":"<p>\u00cen urma perchezi\u021biilor care au avut loc joi, Bogdan Pe\u0219chir a fost ridicat de la&hellip;<\/p>\n","protected":false},"author":0,"featured_media":41248,"comment_status":"open","ping_status":"open","sticky":false,"template":"","format":"standard","meta":{"footnotes":""},"categories":[2],"tags":[],"class_list":["post-41247","post","type-post","status-publish","format-standard","has-post-thumbnail","hentry","category-actual"],"_links":{"self":[{"href":"https:\/\/247stiri.ro\/index.php\/wp-json\/wp\/v2\/posts\/41247","targetHints":{"allow":["GET"]}}],"collection":[{"href":"https:\/\/247stiri.ro\/index.php\/wp-json\/wp\/v2\/posts"}],"about":[{"href":"https:\/\/247stiri.ro\/index.php\/wp-json\/wp\/v2\/types\/post"}],"replies":[{"embeddable":true,"href":"https:\/\/247stiri.ro\/index.php\/wp-json\/wp\/v2\/comments?post=41247"}],"version-history":[{"count":0,"href":"https:\/\/247stiri.ro\/index.php\/wp-json\/wp\/v2\/posts\/41247\/revisions"}],"wp:featuredmedia":[{"embeddable":true,"href":"https:\/\/247stiri.ro\/index.php\/wp-json\/wp\/v2\/media\/41248"}],"wp:attachment":[{"href":"https:\/\/247stiri.ro\/index.php\/wp-json\/wp\/v2\/media?parent=41247"}],"wp:term":[{"taxonomy":"category","embeddable":true,"href":"https:\/\/247stiri.ro\/index.php\/wp-json\/wp\/v2\/categories?post=41247"},{"taxonomy":"post_tag","embeddable":true,"href":"https:\/\/247stiri.ro\/index.php\/wp-json\/wp\/v2\/tags?post=41247"}],"curies":[{"name":"wp","href":"https:\/\/api.w.org\/{rel}","templated":true}]}}