{"id":41251,"date":"2025-03-21T08:45:09","date_gmt":"2025-03-21T08:45:09","guid":{"rendered":"https:\/\/247stiri.ro\/index.php\/2025\/03\/21\/scandal-urias-la-biserica-preotului-regizor-ciprian-mega-a-fost-chemata-politia-precum-si-o-ambulanta-video\/"},"modified":"2025-03-21T08:45:09","modified_gmt":"2025-03-21T08:45:09","slug":"scandal-urias-la-biserica-preotului-regizor-ciprian-mega-a-fost-chemata-politia-precum-si-o-ambulanta-video","status":"publish","type":"post","link":"https:\/\/247stiri.ro\/index.php\/2025\/03\/21\/scandal-urias-la-biserica-preotului-regizor-ciprian-mega-a-fost-chemata-politia-precum-si-o-ambulanta-video\/","title":{"rendered":"Scandal uria\u0219 la biserica preotului-regizor Ciprian Mega. A fost chemat\u0103 Poli\u021bia, precum \u0219i o ambulan\u021b\u0103 &#8211; VIDEO"},"content":{"rendered":"<p>Publica\u021bia <a href=\"https:\/\/www.ebihoreanul.ro\/stiri\/scandal-la-biserica-lui-mega-din-oradea-episcopia-a-vrut-sa-i-puna-inlocuitor-preotul-s-a-impotrivit-a-fost-chemata-politia-si-ambulanta-192714.html\" target=\"_blank\">E-Bihoreanul<\/a> sus\u021bine c\u0103 prin modul \u0219i imaginile pe care le-a postat \u00een spa\u021biul virtual, cu o serie de reprezentan\u021bi ai Episcopiei Oradea, agen\u021bi de poli\u021bie \u0219i angaja\u021bi ai Ambulan\u021bei, ar fi sugerat c\u0103 ace\u0219tia au urm\u0103rit s\u0103-l dea afar\u0103 din propria sa biseric\u0103. So\u021bia preotului a scris \u0219i ea c\u0103 \u201edelega\u021bia Episcopiei a venit, \u00eenso\u021bit\u0103 de poli\u021bie, s\u0103 pun\u0103 alt paroh, pe p\u0103rintele Augustin, care sluje\u0219te la capela Spitalului Municipal. S-au certat, p\u0103rintelui Ciprian i s-a f\u0103cut r\u0103u \u0219i au chemat ambulan\u021ba\u201d.<\/p>\n<p>Comentariul so\u021biei lui Mega a fost editat ulterior, fiindc\u0103 \u00een prima versiune aceasta sus\u021binuse c\u0103 reprezentan\u021bii Episcopiei \u201eau t\u0103b\u0103r\u00e2t \u00een altar, au luat antimisul\u201d.<\/p>\n<p>foto: Facebook \/ Ciprian Mega<\/p>\n<p>\u00cen replic\u0103, preotul a afirmat c\u0103 publica\u021bia ar fi portavocea Episcopiei Oradiei \u0219i c\u0103 ar fi relatat \u00een mod mincinos evenimentul.<\/p>\n\n<p>Celebrul duhovnic <a href=\"https:\/\/www.realitatea.net\/stiri\/actual\/preotulregizor-ciprian-mega-suspectat-ca-siar-fi-incendiat-intentionat-masina-oamenii-legii-au-descins-in-locuinta-duhovnicului_67b3445c4d82ae4a356cc9a2\" target=\"_blank\">este cercetat<\/a> c\u0103 \u0219i-ar fi incendiat inten\u021bionat autoturismul \u0219i a sugerat c\u0103 ar fi fost un atac al conducerii locale a Bisericii Ortodoxe, cu care are un vechi conflict.<\/p>","protected":false},"excerpt":{"rendered":"<p>Publica\u021bia E-Bihoreanul sus\u021bine c\u0103 prin modul \u0219i imaginile pe care le-a postat \u00een spa\u021biul virtual,&hellip;<\/p>\n","protected":false},"author":0,"featured_media":41252,"comment_status":"open","ping_status":"open","sticky":false,"template":"","format":"standard","meta":{"footnotes":""},"categories":[2],"tags":[],"class_list":["post-41251","post","type-post","status-publish","format-standard","has-post-thumbnail","hentry","category-actual"],"_links":{"self":[{"href":"https:\/\/247stiri.ro\/index.php\/wp-json\/wp\/v2\/posts\/41251","targetHints":{"allow":["GET"]}}],"collection":[{"href":"https:\/\/247stiri.ro\/index.php\/wp-json\/wp\/v2\/posts"}],"about":[{"href":"https:\/\/247stiri.ro\/index.php\/wp-json\/wp\/v2\/types\/post"}],"replies":[{"embeddable":true,"href":"https:\/\/247stiri.ro\/index.php\/wp-json\/wp\/v2\/comments?post=41251"}],"version-history":[{"count":0,"href":"https:\/\/247stiri.ro\/index.php\/wp-json\/wp\/v2\/posts\/41251\/revisions"}],"wp:featuredmedia":[{"embeddable":true,"href":"https:\/\/247stiri.ro\/index.php\/wp-json\/wp\/v2\/media\/41252"}],"wp:attachment":[{"href":"https:\/\/247stiri.ro\/index.php\/wp-json\/wp\/v2\/media?parent=41251"}],"wp:term":[{"taxonomy":"category","embeddable":true,"href":"https:\/\/247stiri.ro\/index.php\/wp-json\/wp\/v2\/categories?post=41251"},{"taxonomy":"post_tag","embeddable":true,"href":"https:\/\/247stiri.ro\/index.php\/wp-json\/wp\/v2\/tags?post=41251"}],"curies":[{"name":"wp","href":"https:\/\/api.w.org\/{rel}","templated":true}]}}