{"id":41269,"date":"2025-03-21T09:44:55","date_gmt":"2025-03-21T09:44:55","guid":{"rendered":"https:\/\/247stiri.ro\/index.php\/2025\/03\/21\/managerul-spitalului-judetean-din-suceava-a-demisionat\/"},"modified":"2025-03-21T09:44:55","modified_gmt":"2025-03-21T09:44:55","slug":"managerul-spitalului-judetean-din-suceava-a-demisionat","status":"publish","type":"post","link":"https:\/\/247stiri.ro\/index.php\/2025\/03\/21\/managerul-spitalului-judetean-din-suceava-a-demisionat\/","title":{"rendered":"Managerul Spitalului Jude\u021bean din Suceava a demisionat\u00a0"},"content":{"rendered":"<p>El sus\u021bine c\u0103 a \u00eenaintat Consiliului Jude\u021bean Suceava solicitarea de \u00eencetare a contractului de management \u00eencep\u00e2nd cu data de 24 martie.<\/p>\n<p>&#8222;\u00cen perioada mandatului de\u021binut am avut privilegiul s\u0103 coordonez al\u0103turi de echipa managerial\u0103 activitatea spitalului cu profesionalism \u0219i dedicare, av\u00e2nd ca obiectiv principal dezvoltarea unit\u0103\u021bii sanitare \u0219i \u00eembun\u0103t\u0103\u021birea calit\u0103\u021bii serviciilor medicale oferite pacien\u021bilor.\u00a0<\/p>\n<p>\u00cempreun\u0103 cu echipa coordonat\u0103 de mine, am f\u0103cut ca spitalul s\u0103 treac\u0103 printr-o serie de transform\u0103ri menite s\u0103 optimizeze fluxurile medicale, am modernizat infrastructura \u0219i am consolidat colaborarea dintre cadrele medicale \u0219i autorit\u0103\u021bile sanitare. Prin aceast\u0103 decizie consider c\u0103 este momentul pentru o schimbare \u00een conducerea institu\u021biei \u0219i pentru continuarea dezvolt\u0103rii acesteia sub o nou\u0103 viziune managerial\u0103&#8221;, a afirmat Calancea.\u00a0<\/p>","protected":false},"excerpt":{"rendered":"<p>El sus\u021bine c\u0103 a \u00eenaintat Consiliului Jude\u021bean Suceava solicitarea de \u00eencetare a contractului de management&hellip;<\/p>\n","protected":false},"author":0,"featured_media":41270,"comment_status":"open","ping_status":"open","sticky":false,"template":"","format":"standard","meta":{"footnotes":""},"categories":[2],"tags":[],"class_list":["post-41269","post","type-post","status-publish","format-standard","has-post-thumbnail","hentry","category-actual"],"_links":{"self":[{"href":"https:\/\/247stiri.ro\/index.php\/wp-json\/wp\/v2\/posts\/41269","targetHints":{"allow":["GET"]}}],"collection":[{"href":"https:\/\/247stiri.ro\/index.php\/wp-json\/wp\/v2\/posts"}],"about":[{"href":"https:\/\/247stiri.ro\/index.php\/wp-json\/wp\/v2\/types\/post"}],"replies":[{"embeddable":true,"href":"https:\/\/247stiri.ro\/index.php\/wp-json\/wp\/v2\/comments?post=41269"}],"version-history":[{"count":0,"href":"https:\/\/247stiri.ro\/index.php\/wp-json\/wp\/v2\/posts\/41269\/revisions"}],"wp:featuredmedia":[{"embeddable":true,"href":"https:\/\/247stiri.ro\/index.php\/wp-json\/wp\/v2\/media\/41270"}],"wp:attachment":[{"href":"https:\/\/247stiri.ro\/index.php\/wp-json\/wp\/v2\/media?parent=41269"}],"wp:term":[{"taxonomy":"category","embeddable":true,"href":"https:\/\/247stiri.ro\/index.php\/wp-json\/wp\/v2\/categories?post=41269"},{"taxonomy":"post_tag","embeddable":true,"href":"https:\/\/247stiri.ro\/index.php\/wp-json\/wp\/v2\/tags?post=41269"}],"curies":[{"name":"wp","href":"https:\/\/api.w.org\/{rel}","templated":true}]}}