{"id":41288,"date":"2025-03-21T10:44:49","date_gmt":"2025-03-21T10:44:49","guid":{"rendered":"https:\/\/247stiri.ro\/index.php\/2025\/03\/21\/mihail-neamtu-condama-ferm-declaratile-vicepresedintelui-cna-valentin-jucan-la-adresa-lui-donald-trump-aduce-prejudicii-imaginii-partenerilor-strategici-si-ii-ofenseaza-pe-toti-cei-care-pretuiesc-ade\/"},"modified":"2025-03-21T10:44:49","modified_gmt":"2025-03-21T10:44:49","slug":"mihail-neamtu-condama-ferm-declaratile-vicepresedintelui-cna-valentin-jucan-la-adresa-lui-donald-trump-aduce-prejudicii-imaginii-partenerilor-strategici-si-ii-ofenseaza-pe-toti-cei-care-pretuiesc-ade","status":"publish","type":"post","link":"https:\/\/247stiri.ro\/index.php\/2025\/03\/21\/mihail-neamtu-condama-ferm-declaratile-vicepresedintelui-cna-valentin-jucan-la-adresa-lui-donald-trump-aduce-prejudicii-imaginii-partenerilor-strategici-si-ii-ofenseaza-pe-toti-cei-care-pretuiesc-ade\/","title":{"rendered":"Mihail Neam\u021bu condam\u0103 ferm declara\u021bile vicepre\u0219edintelui CNA Valentin Jucan la adresa lui Donald Trump: Aduce prejudicii imaginii partenerilor strategici \u0219i \u00eei ofenseaz\u0103 pe to\u021bi cei care pre\u021buiesc adev\u0103rul istoric"},"content":{"rendered":"<p>Parlamentarul AUR\u00a0 a subliniat c\u0103 \u00een secolul XX ideologia nazist\u0103 a generat una dintre cele mai \u00eentunecate epoci ale istoriei omenirii.\u00a0&#8222;Regimul lui Adolf Hitler a dezl\u0103n\u021buit un r\u0103zboi mondial devastator \u0219i a pus \u00een practic\u0103 Solu\u021bia Final\u0103 \u2013 exterminarea sistematic\u0103 a \u0219ase milioane de evrei europeni \u0219i a altor milioane de victime nevinovate (romi, prizonieri de r\u0103zboi, persoane cu dizabilit\u0103\u021bi, opozan\u021bi politici). Lag\u0103re ale mor\u021bii precum Auschwitz-Birkenau, Treblinka sau Dachau r\u0103m\u00e2n simboluri ale r\u0103ului absolut, iar faimosul Shoah este un capitol unic prin oroarea \u0219i amploarea sa.\u00a0A afirma ast\u0103zi, fie \u0219i aluziv, c\u0103 o na\u021biune democratic\u0103 precum Statele Unite ar fi echivalent\u0103 cu Germania nazist\u0103 \u00eenseamn\u0103 s\u0103 insul\u021bi memoria acelor victime \u0219i sacrificiul celor care au luptat \u00eempotriva tiraniei hitleriste. Este o distorsiune istoric\u0103 \u0219i moral\u0103 de o gravitate extrem\u0103, o compara\u021bie totalmente nefondat\u0103 care jigne\u0219te at\u00e2t adev\u0103rul istoric, c\u00e2t \u0219i bunul-sim\u021b&#8221;, a afirmat Mihail Neam\u021bu.\u00a0Potrivit deputatului, civiliza\u021bia occidental\u0103 modern\u0103, din care Rom\u00e2nia \u0219i Statele Unite fac parte, este cl\u0103dit\u0103 pe valorile libert\u0103\u021bii, demnit\u0103\u021bii umane \u0219i statului de drept.\u00a0El a atras, astfel, aten\u021bia asupra faptului c\u0103 &#8222;aceste valori s-au forjat tocmai \u00een opozi\u021bie direct\u0103 cu ideologiile totalitare precum nazismul \u0219i comunismul&#8221;.\u00a0&#8222;Statele Unite ale Americii, \u00een special, au demonstrat \u00een repetate r\u00e2nduri c\u0103 ap\u0103r\u0103 principiile democra\u021biei: nu doar prin func\u021bionarea intern\u0103 a institu\u021biilor \u0219i respectarea drepturilor omului, ci \u0219i prin ac\u021biunile decisive pe scena mondial\u0103.\u00a0S\u0103 ne amintim c\u0103, \u00een anii 1944-1945, mii de solda\u021bi americani, al\u0103turi de ceilal\u021bi Alia\u021bi, au debarcat \u00een Normandia, au \u00eenaintat pe teritoriul Europei ocupate \u0219i au contribuit esen\u021bial la eliberarea \u021b\u0103rilor \u00eenrobite de nazism.Americanii au eliberat prizonieri din lag\u0103re precum Buchenwald \u0219i Dachau, readuc\u00e2nd speran\u021ba celor pu\u021bini r\u0103ma\u0219i \u00een via\u021b\u0103. Sute de mii de tineri din SUA \u0219i-au dat via\u021ba pe fronturile Europei pentru ca flagelul svasticii s\u0103 fie \u00eenfr\u00e2nt.\u00a0Totodat\u0103, dup\u0103 1945, Statele Unite (\u00eempreun\u0103 cu alia\u021bii lor) au ini\u021biat procesul de denazificare a Germaniei \u00eenvinse, elimin\u00e2nd din r\u0103d\u0103cini ideologia urii rasiale. Mai t\u00e2rziu, de-a lungul R\u0103zboiului Rece, America s-a opus ferm \u0219i expansiunii comunismului, contribuind \u00een cele din urm\u0103 la pr\u0103bu\u0219irea Cortinei de Fier \u0219i la eliberarea a numeroase na\u021biuni (inclusiv Rom\u00e2nia) de sub dictaturi.\u00a0Nu exist\u0103 compara\u021bie onest\u0103 \u00eentre o democra\u021bie pluralist\u0103, care \u00ee\u0219i respect\u0103 minorit\u0103\u021bile \u0219i \u00ee\u0219i schimb\u0103 liderii prin alegeri libere, \u0219i un regim dictatorial \u00eentemeiat pe cultul rasei pure, ur\u0103 \u0219i genocid.Americanii de ast\u0103zi nu poart\u0103 nici o vin\u0103 colectiv\u0103 care s\u0103 poat\u0103 fi asemuit\u0103 cu cea a Germaniei naziste; dimpotriv\u0103, poart\u0103 mo\u0219tenirea unei na\u021biuni care a luptat \u00eempotriva nazismului.Cu at\u00e2t mai \u0219ocant\u0103 \u0219i regretabil\u0103 este afirma\u021bia domnului Valentin-Alexandru Jucan cu c\u00e2t provine de la un \u00eenalt responsabil public, \u00eens\u0103rcinat \u00een mod direct cu supravegherea spa\u021biului audiovizual \u0219i a discursului public din Rom\u00e2nia. Consiliul Na\u021bional al Audiovizualului (CNA), prin misiunea sa, ar trebui s\u0103 fie un garant al echilibrului, decen\u021bei \u0219i responsabilit\u0103\u021bii \u00een comunicarea public\u0103.\u00a0Or, tocmai un membru al acestei autorit\u0103\u021bi \u2013 ba chiar vicepre\u0219edintele CNA, potrivit relat\u0103rilor \u2013 a recurs la un derapaj de limbaj incompatibil cu demnitatea \u0219i func\u021bia pe care o de\u021bine.\u00cen pozi\u021bia sa oficial\u0103, domnul Jucan avea datoria de a da un exemplu de modera\u021bie, respect \u0219i discern\u0103m\u00e2nt. Prin contrast, el a ales s\u0103 promoveze un discurs incendiary \u0219i def\u0103im\u0103tor, care aduce prejudicii imaginii partenerilor strategici ai Rom\u00e2niei \u0219i \u00eei ofenseaz\u0103 pe to\u021bi cei care pre\u021buiesc adev\u0103rul istoric.\u00cen virtutea valorilor men\u021bionate \u0219i \u00een numele decen\u021bei publice, solicit public demisia imediat\u0103 a domnului Valentin-Alexandru Jucan din calitatea de membru al Consiliului Na\u021bional al Audiovizualului.\u00a0Un asemenea gest ar reprezenta nu doar asumarea consecin\u021belor pentru declara\u021biile sale, ci \u0219i un minim act de onoare \u0219i responsabilitate fa\u021b\u0103 de institu\u021bia pe care a compromis-o prin vorbele sale.Demisia domniei sale ar fi un semnal necesar c\u0103 Rom\u00e2nia nu tolereaz\u0103 trivializarea suferin\u021belor istorice \u0219i nici insultarea gratuit\u0103 a unui aliat de baz\u0103. \u00cen acela\u0219i timp, ar reda par\u021bial \u00eencrederea publicului c\u0103 institu\u021biile menite s\u0103 vegheze asupra comunic\u0103rii publice \u00ee\u0219i iau misiunea \u00een serios \u0219i sanc\u021bioneaz\u0103 excesele impardonabile, chiar \u0219i (sau mai ales) c\u00e2nd acestea vin din interiorul lor.\u00a0Ne reafirm\u0103m angajamentul fa\u021b\u0103 de parteneriatul transatlantic \u0219i fa\u021b\u0103 de prietenia profund\u0103 care leag\u0103 Rom\u00e2nia de Statele Unite ale Americii. Aceast\u0103 prietenie se bazeaz\u0103 pe sacrificii comune, pe idealuri \u00eemp\u0103rt\u0103\u0219ite \u0219i pe un drum al libert\u0103\u021bii parcurs um\u0103r la um\u0103r de popoarele noastre de-a lungul ultimelor decenii. Asemenea leg\u0103turi nu pot fi \u0219tirbite de vocea izolat\u0103 \u0219i iresponsabil\u0103 a unui demnitar lipsit de discern\u0103m\u00e2nt.\u00a0Condamn cu toat\u0103 fermitatea declara\u021biile domnului Valentin-Alexandru Jucan, consider\u00e2ndu-le incompatibile cu orice standard de discurs public civilizat.\u00a0\u00cemi exprim speran\u021ba c\u0103 at\u00e2t conducerea CNA, c\u00e2t \u0219i forurile competente ale statului, vor trata cu seriozitate acest incident \u0219i vor lua m\u0103surile cuvenite. Numai a\u0219a vom cinsti cu adev\u0103rat memoria trecutului \u0219i ne vom onora angajamentele fa\u021b\u0103 de genera\u021biile viitoare&#8221;, a conchis Mihail Neam\u021bu.<\/p>","protected":false},"excerpt":{"rendered":"<p>Parlamentarul AUR\u00a0 a subliniat c\u0103 \u00een secolul XX ideologia nazist\u0103 a generat una dintre cele&hellip;<\/p>\n","protected":false},"author":0,"featured_media":41289,"comment_status":"open","ping_status":"open","sticky":false,"template":"","format":"standard","meta":{"footnotes":""},"categories":[3],"tags":[],"class_list":["post-41288","post","type-post","status-publish","format-standard","has-post-thumbnail","hentry","category-politica"],"_links":{"self":[{"href":"https:\/\/247stiri.ro\/index.php\/wp-json\/wp\/v2\/posts\/41288","targetHints":{"allow":["GET"]}}],"collection":[{"href":"https:\/\/247stiri.ro\/index.php\/wp-json\/wp\/v2\/posts"}],"about":[{"href":"https:\/\/247stiri.ro\/index.php\/wp-json\/wp\/v2\/types\/post"}],"replies":[{"embeddable":true,"href":"https:\/\/247stiri.ro\/index.php\/wp-json\/wp\/v2\/comments?post=41288"}],"version-history":[{"count":0,"href":"https:\/\/247stiri.ro\/index.php\/wp-json\/wp\/v2\/posts\/41288\/revisions"}],"wp:featuredmedia":[{"embeddable":true,"href":"https:\/\/247stiri.ro\/index.php\/wp-json\/wp\/v2\/media\/41289"}],"wp:attachment":[{"href":"https:\/\/247stiri.ro\/index.php\/wp-json\/wp\/v2\/media?parent=41288"}],"wp:term":[{"taxonomy":"category","embeddable":true,"href":"https:\/\/247stiri.ro\/index.php\/wp-json\/wp\/v2\/categories?post=41288"},{"taxonomy":"post_tag","embeddable":true,"href":"https:\/\/247stiri.ro\/index.php\/wp-json\/wp\/v2\/tags?post=41288"}],"curies":[{"name":"wp","href":"https:\/\/api.w.org\/{rel}","templated":true}]}}