{"id":41298,"date":"2025-03-21T10:44:53","date_gmt":"2025-03-21T10:44:53","guid":{"rendered":"https:\/\/247stiri.ro\/index.php\/2025\/03\/21\/scene-de-groaza-la-cluj-napoca-o-femeie-s-a-prabusit-de-la-inaltime-in-parcarea-unui-mall-medicii-nu-i-au-putut-salva-viata\/"},"modified":"2025-03-21T10:44:53","modified_gmt":"2025-03-21T10:44:53","slug":"scene-de-groaza-la-cluj-napoca-o-femeie-s-a-prabusit-de-la-inaltime-in-parcarea-unui-mall-medicii-nu-i-au-putut-salva-viata","status":"publish","type":"post","link":"https:\/\/247stiri.ro\/index.php\/2025\/03\/21\/scene-de-groaza-la-cluj-napoca-o-femeie-s-a-prabusit-de-la-inaltime-in-parcarea-unui-mall-medicii-nu-i-au-putut-salva-viata\/","title":{"rendered":"Scene de groaz\u0103 la Cluj-Napoca. O femeie s-a pr\u0103bu\u0219it de la \u00een\u0103l\u021bime \u00een parcarea unui mall. Medicii nu i-au putut salva via\u021ba"},"content":{"rendered":"<p>Potrivit martorilor, clujeanca a c\u0103zut de pe terasa food-court a complexului comercial.<\/p>\n<p>,,Pompierii din cadrul Deta\u0219amentului 1 Cluj-Napoca intervin \u00een aceste momente \u00een zona parc\u0103rii centrului comercial de pe strada Alexandru Vaida Voievod, pentru a asista o persoan\u0103 c\u0103zut\u0103 de la \u00een\u0103l\u021bime.<\/p>\n<p>Din primele date este vorba despre o femeie de aproximativ 50 de ani, iar echipajele aplic\u0103 manevre de resuscitare. La misiune iau parte o autospecial\u0103 cu modul de descarcerare \u0219i o ambulan\u021b\u0103 SMURD de terapie intensiv\u0103 mobil\u0103.\u201d , transmite ISU Cluj, citat de <a href=\"https:\/\/www.stiridecluj.ro\/social\/socant-clujeanca-in-stare-grava-dupa-ce-a-cazut-de-la-inaltime-la-iulius-mall-cluj-i-se-aplica-manevre-de-resuscitare-update-femeia-a-murit-video?fbclid=IwY2xjawJKErtleHRuA2FlbQIxMQABHfrwF1gkvbRPRgCopPKGFc_W1Dur8p-i4gxtHzX3x7oWgCnSXkL72fgo6A_aem_HnQJsPYteSEbG8st_DsrLg\" target=\"_blank\">\u0219tiridecluj.<\/a><\/p>","protected":false},"excerpt":{"rendered":"<p>Potrivit martorilor, clujeanca a c\u0103zut de pe terasa food-court a complexului comercial. ,,Pompierii din cadrul&hellip;<\/p>\n","protected":false},"author":0,"featured_media":41299,"comment_status":"open","ping_status":"open","sticky":false,"template":"","format":"standard","meta":{"footnotes":""},"categories":[2],"tags":[],"class_list":["post-41298","post","type-post","status-publish","format-standard","has-post-thumbnail","hentry","category-actual"],"_links":{"self":[{"href":"https:\/\/247stiri.ro\/index.php\/wp-json\/wp\/v2\/posts\/41298","targetHints":{"allow":["GET"]}}],"collection":[{"href":"https:\/\/247stiri.ro\/index.php\/wp-json\/wp\/v2\/posts"}],"about":[{"href":"https:\/\/247stiri.ro\/index.php\/wp-json\/wp\/v2\/types\/post"}],"replies":[{"embeddable":true,"href":"https:\/\/247stiri.ro\/index.php\/wp-json\/wp\/v2\/comments?post=41298"}],"version-history":[{"count":0,"href":"https:\/\/247stiri.ro\/index.php\/wp-json\/wp\/v2\/posts\/41298\/revisions"}],"wp:featuredmedia":[{"embeddable":true,"href":"https:\/\/247stiri.ro\/index.php\/wp-json\/wp\/v2\/media\/41299"}],"wp:attachment":[{"href":"https:\/\/247stiri.ro\/index.php\/wp-json\/wp\/v2\/media?parent=41298"}],"wp:term":[{"taxonomy":"category","embeddable":true,"href":"https:\/\/247stiri.ro\/index.php\/wp-json\/wp\/v2\/categories?post=41298"},{"taxonomy":"post_tag","embeddable":true,"href":"https:\/\/247stiri.ro\/index.php\/wp-json\/wp\/v2\/tags?post=41298"}],"curies":[{"name":"wp","href":"https:\/\/api.w.org\/{rel}","templated":true}]}}