{"id":41316,"date":"2025-03-21T11:45:23","date_gmt":"2025-03-21T11:45:23","guid":{"rendered":"https:\/\/247stiri.ro\/index.php\/2025\/03\/21\/penibil-absolut-lasconi-s-a-dus-la-cotroceni-pe-model-nicusor-doar-ca-bolojan-era-plecat-surse\/"},"modified":"2025-03-21T11:45:23","modified_gmt":"2025-03-21T11:45:23","slug":"penibil-absolut-lasconi-s-a-dus-la-cotroceni-pe-model-nicusor-doar-ca-bolojan-era-plecat-surse","status":"publish","type":"post","link":"https:\/\/247stiri.ro\/index.php\/2025\/03\/21\/penibil-absolut-lasconi-s-a-dus-la-cotroceni-pe-model-nicusor-doar-ca-bolojan-era-plecat-surse\/","title":{"rendered":"Penibil absolut. Lasconi s-a dus la Cotroceni, pe model Nicu\u0219or, doar c\u0103 Bolojan era plecat &#8211;  SURSE"},"content":{"rendered":"<p>Lidera USR ar fi fost z\u0103rit\u0103 la filtru, la intrarea \u00een gr\u0103dina Palatului Cotroceni, \u00een prima zi \u00een care aceasta este deschis\u0103 vizit\u0103rii de c\u0103tre publicul larg. Jurnali\u0219tii Realitatea Plus, prezen\u021bi \u0219i ei acolo, nu au putut s\u0103 o identifice pe \u0219efa rezi\u0219tilor, iar \u00eencercarea de a ob\u021bine un punct de vedere de la ea nu s-a soldat cu niciun rezultat.<\/p>\n<p>Edilul general Nicu\u0219or Dan, candidat la alegerile preziden\u021biale din mai, s-ar fi \u00eent\u00e2lnit pe furi\u0219 la Palatul Cotroceni cu pre\u0219edintele interimar Ilie Bolojan, potrivit <a href=\"https:\/\/www.realitatea.net\/stiri\/actual\/tupeul-sorosistilor-nicusor-dan-sa-intalnit-pe-furis-la-palatul-cotroceni_67daca8e73ae3474b45ed802#google_vignette\" target=\"_blank\">Realitatea Plus.<\/a><\/p>\n<p>\u00a0<\/p>\n<p>\u00a0<\/p>","protected":false},"excerpt":{"rendered":"<p>Lidera USR ar fi fost z\u0103rit\u0103 la filtru, la intrarea \u00een gr\u0103dina Palatului Cotroceni, \u00een&hellip;<\/p>\n","protected":false},"author":0,"featured_media":41317,"comment_status":"open","ping_status":"open","sticky":false,"template":"","format":"standard","meta":{"footnotes":""},"categories":[3],"tags":[],"class_list":["post-41316","post","type-post","status-publish","format-standard","has-post-thumbnail","hentry","category-politica"],"_links":{"self":[{"href":"https:\/\/247stiri.ro\/index.php\/wp-json\/wp\/v2\/posts\/41316","targetHints":{"allow":["GET"]}}],"collection":[{"href":"https:\/\/247stiri.ro\/index.php\/wp-json\/wp\/v2\/posts"}],"about":[{"href":"https:\/\/247stiri.ro\/index.php\/wp-json\/wp\/v2\/types\/post"}],"replies":[{"embeddable":true,"href":"https:\/\/247stiri.ro\/index.php\/wp-json\/wp\/v2\/comments?post=41316"}],"version-history":[{"count":0,"href":"https:\/\/247stiri.ro\/index.php\/wp-json\/wp\/v2\/posts\/41316\/revisions"}],"wp:featuredmedia":[{"embeddable":true,"href":"https:\/\/247stiri.ro\/index.php\/wp-json\/wp\/v2\/media\/41317"}],"wp:attachment":[{"href":"https:\/\/247stiri.ro\/index.php\/wp-json\/wp\/v2\/media?parent=41316"}],"wp:term":[{"taxonomy":"category","embeddable":true,"href":"https:\/\/247stiri.ro\/index.php\/wp-json\/wp\/v2\/categories?post=41316"},{"taxonomy":"post_tag","embeddable":true,"href":"https:\/\/247stiri.ro\/index.php\/wp-json\/wp\/v2\/tags?post=41316"}],"curies":[{"name":"wp","href":"https:\/\/api.w.org\/{rel}","templated":true}]}}