{"id":41321,"date":"2025-03-21T11:45:25","date_gmt":"2025-03-21T11:45:25","guid":{"rendered":"https:\/\/247stiri.ro\/index.php\/2025\/03\/21\/barbat-de-29-de-ani-arestat-preventiv-dupa-ce-si-a-omorat-tatal-scandalul-a-pornit-de-la-un-pahar-de-vin\/"},"modified":"2025-03-21T11:45:25","modified_gmt":"2025-03-21T11:45:25","slug":"barbat-de-29-de-ani-arestat-preventiv-dupa-ce-si-a-omorat-tatal-scandalul-a-pornit-de-la-un-pahar-de-vin","status":"publish","type":"post","link":"https:\/\/247stiri.ro\/index.php\/2025\/03\/21\/barbat-de-29-de-ani-arestat-preventiv-dupa-ce-si-a-omorat-tatal-scandalul-a-pornit-de-la-un-pahar-de-vin\/","title":{"rendered":"B\u0103rbat de 29 de ani arestat preventiv dup\u0103 ce \u015fi-a omor\u00e2t tat\u0103l. Scandalul a pornit de la un pahar de vin"},"content":{"rendered":"<p>Reprezentan\u0163ii Parchetului de pe l\u00e2ng\u0103 Tribunalul Covasna au anun\u0163at, vineri, c\u0103 b\u0103rbatul de 29 de ani este cercetat pentru comiterea infrac\u0163iunii de violen\u0163\u0103 \u00een familie sub forma omorului calificat.\u00a0<\/p>\n<p>\u201d\u00cen fapt, s-a re\u0163inut c\u0103, \u00een seara de 05.01.2025, \u00een jurul orei 22.30, \u00een timp ce se aflau la locuin\u0163a comun\u0103 din comuna Turia, jude\u0163ul Covasna, inculpatul A.R., fiind sub influen\u0163a b\u0103uturilor alcoolice, din cauza insisten\u0163ei tat\u0103lui s\u0103u, A.G., \u00een v\u00e2rst\u0103 de 52 de ani, de a primi un pahar cu vin, a \u00eenceput s\u0103 exercite ac\u0163iuni violente asupra victimei, prin aplicarea unor multiple lovituri asupra corpului acesteia, cu o intensitate mare, la \u00eent\u00e2mplare\u201d, au afirmat procurorii.<\/p>\n<p>Ei au precizat c\u0103 la un moment dat victima a fost aruncat\u0103 \u00eentr-un geam.\u00a0<\/p>\n<p>\u201dInculpatul a folosit un corp dur care a avut aptitudinea de a produce victimei suferin\u0163e prelungite \u015fi de o intensitate care dep\u0103\u015fe\u015fte pe cea proprie ac\u0163iunii de a ucide, amplificate constant pe durata agresiunii, inclusiv prin aruncarea victimei \u00een geamul care s-a spart de la u\u015fa de intrare \u00een camer\u0103, acte care au produs victimei leziuni traumatice ce au determinat decesul\u201d, a mai transmis sursa citat\u0103.<\/p>\n<p>Agresorul a fost re\u0163inut pentru 24 de ore, fiind prezentat apoi Tribunalului Covasna care a decis arestare sa preventiv\u0103 pentru 30 de zile.<\/p>","protected":false},"excerpt":{"rendered":"<p>Reprezentan\u0163ii Parchetului de pe l\u00e2ng\u0103 Tribunalul Covasna au anun\u0163at, vineri, c\u0103 b\u0103rbatul de 29 de&hellip;<\/p>\n","protected":false},"author":0,"featured_media":41322,"comment_status":"open","ping_status":"open","sticky":false,"template":"","format":"standard","meta":{"footnotes":""},"categories":[2],"tags":[],"class_list":["post-41321","post","type-post","status-publish","format-standard","has-post-thumbnail","hentry","category-actual"],"_links":{"self":[{"href":"https:\/\/247stiri.ro\/index.php\/wp-json\/wp\/v2\/posts\/41321","targetHints":{"allow":["GET"]}}],"collection":[{"href":"https:\/\/247stiri.ro\/index.php\/wp-json\/wp\/v2\/posts"}],"about":[{"href":"https:\/\/247stiri.ro\/index.php\/wp-json\/wp\/v2\/types\/post"}],"replies":[{"embeddable":true,"href":"https:\/\/247stiri.ro\/index.php\/wp-json\/wp\/v2\/comments?post=41321"}],"version-history":[{"count":0,"href":"https:\/\/247stiri.ro\/index.php\/wp-json\/wp\/v2\/posts\/41321\/revisions"}],"wp:featuredmedia":[{"embeddable":true,"href":"https:\/\/247stiri.ro\/index.php\/wp-json\/wp\/v2\/media\/41322"}],"wp:attachment":[{"href":"https:\/\/247stiri.ro\/index.php\/wp-json\/wp\/v2\/media?parent=41321"}],"wp:term":[{"taxonomy":"category","embeddable":true,"href":"https:\/\/247stiri.ro\/index.php\/wp-json\/wp\/v2\/categories?post=41321"},{"taxonomy":"post_tag","embeddable":true,"href":"https:\/\/247stiri.ro\/index.php\/wp-json\/wp\/v2\/tags?post=41321"}],"curies":[{"name":"wp","href":"https:\/\/api.w.org\/{rel}","templated":true}]}}