{"id":41354,"date":"2025-03-21T13:45:00","date_gmt":"2025-03-21T13:45:00","guid":{"rendered":"https:\/\/247stiri.ro\/index.php\/2025\/03\/21\/george-simion-intervine-in-scandalul-vizelor-pentru-romani-in-sua-ce-s-ar-afla-de-fapt-in-spatele-acestei-amanari-de-la-casa-alba\/"},"modified":"2025-03-21T13:45:00","modified_gmt":"2025-03-21T13:45:00","slug":"george-simion-intervine-in-scandalul-vizelor-pentru-romani-in-sua-ce-s-ar-afla-de-fapt-in-spatele-acestei-amanari-de-la-casa-alba","status":"publish","type":"post","link":"https:\/\/247stiri.ro\/index.php\/2025\/03\/21\/george-simion-intervine-in-scandalul-vizelor-pentru-romani-in-sua-ce-s-ar-afla-de-fapt-in-spatele-acestei-amanari-de-la-casa-alba\/","title":{"rendered":"George Simion intervine \u00een scandalul vizelor pentru rom\u00e2ni \u00een SUA. Ce s-ar afla, de fapt, \u00een spatele acestei am\u00e2n\u0103ri de la Casa Alb\u0103"},"content":{"rendered":"<p>Mesajul liderului suverani\u0219tilor se refer\u0103 la faptul c\u0103 aceast\u0103 am\u00e2nare a vizelor pentru rom\u00e2nii care vor s\u0103 mearg\u0103 \u00een Statele Unite ale Americii are drept motiv, printre altele, anularea alegerilor din \u021bara noastr\u0103. George Simion a vorbit despre mesajel clare transmise at\u00e2t de Donald Trump c\u00e2t \u0219i de JD Vance.<\/p>\n<p>Ne amintim recent c\u0103 vicepre\u0219edintele SUA a spus c\u0103 decizia de anulare a alegerilor din Rom\u00e2nia a fost luat\u0103 pe baza suspiciuni \u0219ubrede.<\/p>\n<p>Liderul AUR mai adaug\u0103 aceasta nemul\u021bumire a Casei Albe fa\u021b\u0103 de decizia luat\u0103 \u00een \u021bara noastr\u0103 ar sta la baza faptului c\u0103 p\u00e2n\u0103 \u00een momentul de fa\u021b\u0103 nu se mai vorbe\u0219te despre eliminarea vizelor pentru Statele Unite de\u0219i p\u00e2n\u0103 la finalul acestei luni ar fi trebuit ca acest pas s\u0103 fie f\u0103cut.<\/p>\n<p>Comunic\u0103rile Administra\u021biei Trump pe tema vizelor pentru rom\u00e2ni<\/p>\n<p>Departamentul pentru Securitate Intern\u0103 al SUA a declarat c\u0103 guvernul american revizuie\u0219te programul Visa Waiver. Este vorba de o am\u00e2nare cu dou\u0103 luni a implement\u0103rii programului. Ministerul Rom\u00e2n de Externe spune c\u0103 nu a primit nicio comunicare oficial\u0103 despre aceast\u0103 decizie.<\/p>\n<p>Informa\u021bia a fost confirmat\u0103, \u00eentr-un r\u0103spuns oficial pentru pres\u0103, de Departamentul pentru Securitate Intern\u0103 al SUA. \u201eV\u0103 putem spune c\u0103, \u00een concordan\u021b\u0103 cu concentrarea administra\u021biei Trump pe securitatea \u021b\u0103rii, Departamentul pentru Securitate Intern\u0103 reanalizeaz\u0103 recenta desemnare a Rom\u00e2niei \u00een Programul Visa Waiver. \u00cen acest moment, nu exist\u0103 actualiz\u0103ri privind implementarea ESTA\u201d, a transmis Departamentul pentru Securitate Intern\u0103 al SUA<\/p>\n<p>Dup\u0103 apari\u021bia \u00een spa\u021biul public a informa\u021biei c\u0103 Departamentul pentru Securitate Intern\u0103 al Statelor Unite a decis s\u0103 revizuiasc\u0103 includerea Rom\u00e2niei \u00een programul \u201eVisa Waiver\u201d, MAE a reac\u021bionat printr-un comunicat.<\/p>\n<p>\u201eAmbasada Rom\u00e2niei la Washington se afl\u0103 \u00eentr-un dialog activ cu autorit\u0103\u021bile americane, \u00een contact direct cu Departamentul pentru Securitate intern\u0103 (DHS), care este mandatat s\u0103 implementeze accederea Rom\u00e2niei \u00een Programul Visa Waiver al Statelor Unite\u201d, a transmis Ministerul Afacerilor Externe.<\/p>\n<p>\u201eNu exist\u0103 \u00een acest moment nicio comunicare oficial\u0103 privind modificarea datei avute \u00een vedere pentru actualizare sistemului de autorizare a c\u0103l\u0103toriilor &#8211; ESTA. Rom\u00e2nia consider\u0103 Programul Visa Waiver ca fiind un parteneriat de securitate \u0219i avem convingerea ca operationalizarea acestuia va contribui la securitatea frontierelor \u0219i la combaterea migra\u021biei ilegale\u201d, mai scrie \u00een comunicat.<\/p>\n<p>Acest proces de reevaluare vine \u00een contextul politicii administra\u021biei\u00a0Donald Trump, care pune un accent puternic pe\u00a0combaterea imigra\u021biei \u0219i \u00eent\u0103rirea grani\u021belor \u00een SUA, ceea ce ar putea influen\u021ba negativ \u0219ansele Rom\u00e2niei de a r\u0103m\u00e2ne pe lista \u021b\u0103rilor eligibile, mai spun sursele citate.<\/p>\n<p>Ce \u00eensemn\u0103 \u201erevizuirea\u201d<\/p>\n<p>\u00cen cel mai fericit caz, ar putea fi doar o verificare administrativ\u0103 de rutin\u0103 pentru ca Homeland Security s\u0103 se asigure, din nou, c\u0103 toate condi\u021biile tehnice \u015fi de securitate sunt \u00eendeplinite. \u00cen acest caz, e posibil ca procesul s\u0103 continue apoi f\u0103r\u0103 \u00eent\u00e2rzieri majore.<\/p>\n<p>Pe de alt\u0103 parte, \u00eens\u0103, dac\u0103 administra\u021bia Trump consider\u0103 c\u0103 includerea Rom\u00e2niei \u00een Visa Waiver ridic\u0103 probleme de securitate na\u021bional\u0103 sau riscuri de imigra\u021bie ilegal\u0103, departamentul de securitate intern\u0103 ar putea recomanda o am\u00e2nare sau chiar o revocare a deciziei, ceea ce ar fi f\u0103r\u0103 precedent.<\/p>\n<p>Nu este nimic oficial deocamdat\u0103, dar \u00een acest moment, la cum arat\u0103 situa\u021bia, este foarte probabil c\u0103 rom\u00e2nii s\u0103 nu poat\u0103 c\u0103l\u0103tori f\u0103r\u0103 vize \u00een SUA la finalul acestei luni, a\u015fa cum a fost anun\u021bat ini\u0163ial. Mai ales c\u0103 p\u00e2n\u0103 acum nu a fost f\u0103cut\u0103 o actualizare care s\u0103 includ\u0103 \u015fi Rom\u00e2nia, a sistemului electronic de aprobare a c\u0103l\u0103toriei ESTA folosit de cei care merg \u00een SUA f\u0103r\u0103 vize.<\/p>\n<p>Rom\u00e2nii ar fi trebuit s\u0103 poat\u0103 c\u0103l\u0103tori f\u0103r\u0103 vize \u00een Statele Unite, \u00eencep\u00e2nd cu 31 martie 2025, \u00een scop turistic sau de afaceri.<\/p>\n<p>Aceast\u0103 m\u0103sur\u0103 a administra\u021biei americane este f\u0103r\u0103 precedent. Nu s-a mai \u00eent\u00e2mplat p\u00e2n\u0103 acum ca o \u0163ar\u0103 acceptat\u0103 oficial \u00een Visa Waiver s\u0103 fie apoi am\u00e2nat\u0103 sau exclus\u0103 din program imediat dup\u0103 acceptare.<\/p>\n<p>Au mai fost dou\u0103 situa\u021bii c\u00e2nd Argentina \u015fi Uruguay au fost excluse din program din cauza crizelor economice din cele dou\u0103 \u0163\u0103ri din 2002 \u015fi 2003.<\/p>\n<p>\u00a0<\/p>","protected":false},"excerpt":{"rendered":"<p>Mesajul liderului suverani\u0219tilor se refer\u0103 la faptul c\u0103 aceast\u0103 am\u00e2nare a vizelor pentru rom\u00e2nii care&hellip;<\/p>\n","protected":false},"author":0,"featured_media":41353,"comment_status":"open","ping_status":"open","sticky":false,"template":"","format":"standard","meta":{"footnotes":""},"categories":[2],"tags":[],"class_list":["post-41354","post","type-post","status-publish","format-standard","has-post-thumbnail","hentry","category-actual"],"_links":{"self":[{"href":"https:\/\/247stiri.ro\/index.php\/wp-json\/wp\/v2\/posts\/41354","targetHints":{"allow":["GET"]}}],"collection":[{"href":"https:\/\/247stiri.ro\/index.php\/wp-json\/wp\/v2\/posts"}],"about":[{"href":"https:\/\/247stiri.ro\/index.php\/wp-json\/wp\/v2\/types\/post"}],"replies":[{"embeddable":true,"href":"https:\/\/247stiri.ro\/index.php\/wp-json\/wp\/v2\/comments?post=41354"}],"version-history":[{"count":0,"href":"https:\/\/247stiri.ro\/index.php\/wp-json\/wp\/v2\/posts\/41354\/revisions"}],"wp:featuredmedia":[{"embeddable":true,"href":"https:\/\/247stiri.ro\/index.php\/wp-json\/wp\/v2\/media\/41353"}],"wp:attachment":[{"href":"https:\/\/247stiri.ro\/index.php\/wp-json\/wp\/v2\/media?parent=41354"}],"wp:term":[{"taxonomy":"category","embeddable":true,"href":"https:\/\/247stiri.ro\/index.php\/wp-json\/wp\/v2\/categories?post=41354"},{"taxonomy":"post_tag","embeddable":true,"href":"https:\/\/247stiri.ro\/index.php\/wp-json\/wp\/v2\/tags?post=41354"}],"curies":[{"name":"wp","href":"https:\/\/api.w.org\/{rel}","templated":true}]}}