{"id":41355,"date":"2025-03-21T13:45:00","date_gmt":"2025-03-21T13:45:00","guid":{"rendered":"https:\/\/247stiri.ro\/index.php\/2025\/03\/21\/fratii-tate-s-ar-pregati-sa-revina-in-romania-tot-cu-un-avion-privat-surse\/"},"modified":"2025-03-21T13:45:00","modified_gmt":"2025-03-21T13:45:00","slug":"fratii-tate-s-ar-pregati-sa-revina-in-romania-tot-cu-un-avion-privat-surse","status":"publish","type":"post","link":"https:\/\/247stiri.ro\/index.php\/2025\/03\/21\/fratii-tate-s-ar-pregati-sa-revina-in-romania-tot-cu-un-avion-privat-surse\/","title":{"rendered":"Fra\u021bii Tate s-ar preg\u0103ti s\u0103 revin\u0103 \u00een Rom\u00e2nia, tot cu un avion privat &#8211; SURSE"},"content":{"rendered":"<p>Informa\u021bia c\u0103 o curs\u0103 provat\u0103 din Statele Unite c\u0103tre Rom\u00e2nia va decola zilele urm\u0103taoe a fost prezentat\u0103 de site-ul de specialitate <a href=\"https:\/\/l.facebook.com\/l.php?u=https%3A%2F%2FBoardingPass.ro%2F%3Ffbclid%3DIwZXh0bgNhZW0CMTAAAR3PDzayTVEgSd13svzz9aPAxFD-huYweWMJRD5t5Nu-jLdON684d0jd_Bk_aem_uRcwz_rgTPLRU8WssgrEdQ&amp;h=AT2jFCfAoRiNMSQeCZIrMIUQhT-2xQ9trvZUdWwP6zOYGcMndP3qix41OHlIomlTBxK3e83iTyZTtap8Qwun8c7PGg8lAwaTCUu3vr72vxoA0zdzHyFNyxZ-iFqea3p250Iqag\" target=\"_blank\">Boarding Pass.<\/a><\/p>\n<p>&#8222;Un avion privat va zbura \u00een cur\u00e2nd de la aeroportul din Fort Lauderdale (SUA) spre Bucure\u0219ti. Fra\u021bii Tate, care au p\u0103r\u0103sit Rom\u00e2nia \u00een urm\u0103 cu c\u00e2teva s\u0103pt\u0103m\u00e2ni cu un avion privat care a decolat din Bucure\u0219ti spre Fort Lauderdale (SUA), ar trebui s\u0103 se \u00eentoarc\u0103 \u00een \u021bar\u0103 \u00een aceast\u0103 lun\u0103.\u00a0A\u0219adar, nu este exclus ca ace\u0219tia s\u0103 revin\u0103 din statul american Florida \u00een capitala Rom\u00e2niei cu acest zbor privat&#8221;, a scris sursa citat\u0103.Fra\u021bii Andrew \u0219i Tristan Tate ajuns \u00een Florida, Statele Unite, \u00een data de 27 februarie dup\u0103 ce au p\u0103r\u0103sit Rom\u00e2nia ast\u0103zi de diminea\u021b\u0103, la ora 6.05, cu un avion privat care a decolat de la Aeroportul Henri Coand\u0103.\u00a0Sosi\u021bi pe teritoriul american, guvernatorul Floridei a transmis c\u0103 cei doi nu sunt bineveni\u021bi, iar pre\u0219edintele Donald Trump n-a l\u0103sat impresia c\u0103 ar avea de g\u00e2nd s\u0103-i favorizeze.<\/p>","protected":false},"excerpt":{"rendered":"<p>Informa\u021bia c\u0103 o curs\u0103 provat\u0103 din Statele Unite c\u0103tre Rom\u00e2nia va decola zilele urm\u0103taoe a&hellip;<\/p>\n","protected":false},"author":0,"featured_media":41356,"comment_status":"open","ping_status":"open","sticky":false,"template":"","format":"standard","meta":{"footnotes":""},"categories":[2],"tags":[],"class_list":["post-41355","post","type-post","status-publish","format-standard","has-post-thumbnail","hentry","category-actual"],"_links":{"self":[{"href":"https:\/\/247stiri.ro\/index.php\/wp-json\/wp\/v2\/posts\/41355","targetHints":{"allow":["GET"]}}],"collection":[{"href":"https:\/\/247stiri.ro\/index.php\/wp-json\/wp\/v2\/posts"}],"about":[{"href":"https:\/\/247stiri.ro\/index.php\/wp-json\/wp\/v2\/types\/post"}],"replies":[{"embeddable":true,"href":"https:\/\/247stiri.ro\/index.php\/wp-json\/wp\/v2\/comments?post=41355"}],"version-history":[{"count":0,"href":"https:\/\/247stiri.ro\/index.php\/wp-json\/wp\/v2\/posts\/41355\/revisions"}],"wp:featuredmedia":[{"embeddable":true,"href":"https:\/\/247stiri.ro\/index.php\/wp-json\/wp\/v2\/media\/41356"}],"wp:attachment":[{"href":"https:\/\/247stiri.ro\/index.php\/wp-json\/wp\/v2\/media?parent=41355"}],"wp:term":[{"taxonomy":"category","embeddable":true,"href":"https:\/\/247stiri.ro\/index.php\/wp-json\/wp\/v2\/categories?post=41355"},{"taxonomy":"post_tag","embeddable":true,"href":"https:\/\/247stiri.ro\/index.php\/wp-json\/wp\/v2\/tags?post=41355"}],"curies":[{"name":"wp","href":"https:\/\/api.w.org\/{rel}","templated":true}]}}