{"id":41376,"date":"2025-03-21T14:44:56","date_gmt":"2025-03-21T14:44:56","guid":{"rendered":"https:\/\/247stiri.ro\/index.php\/2025\/03\/21\/cand-se-va-putea-circula-pe-autostrada-moldovei-anuntul-de-ultima-ora-al-ministrului-transporturilor\/"},"modified":"2025-03-21T14:44:56","modified_gmt":"2025-03-21T14:44:56","slug":"cand-se-va-putea-circula-pe-autostrada-moldovei-anuntul-de-ultima-ora-al-ministrului-transporturilor","status":"publish","type":"post","link":"https:\/\/247stiri.ro\/index.php\/2025\/03\/21\/cand-se-va-putea-circula-pe-autostrada-moldovei-anuntul-de-ultima-ora-al-ministrului-transporturilor\/","title":{"rendered":"C\u00e2nd se va putea circula pe Autostrada Moldovei. Anun\u021bul de ultim\u0103 or\u0103 al ministrului Transporturilor"},"content":{"rendered":"<p>Mai mult, Sorin Grindeanu a transmis c\u0103 anul viitor \u0219oferii vor putea circula pe toat\u0103 Autostrada Moldovei, finan\u0163at\u0103 prin PNRR, \u00eentre Ploie\u015fti \u015fi Pa\u015fcani (319 km).<\/p>\n<p>\u201e\u015eantierele Autostr\u0103zii Moldova (A7) avanseaz\u0103 \u00een ritm bun! Constructorii sunt mobiliza\u0163i foarte bine, \u00een special \u00eentre Mizil \u015fi Adjud\u201d, a scris <a href=\"https:\/\/www.realitatea.net\/stiri\/actual\/o-sosea-extrem-de-asteptata-de-romani-este-aproape-gata-cand-vor-putea-soferii-sa-circule-pe-ea-ministrul-transporturilor-a-facut-anuntul_67d168d9bab60d32a5489b52\" target=\"_blank\">Sorin Grindeanu<\/a> pe re\u021beaua social\u0103 Facebook.<\/p>\n\n<p>\u0218eful de la Transporturi a men\u021bionat c\u0103 pe cei 28,35 km ai Lotului Mizil &#8211; Pietroasele, asocierea rom\u00e2no-bulgar\u0103 a ajuns la un stadiu fizic al lucr\u0103rilor de 98,6%, trebuie \u00eens\u0103 remediat\u0103 rapid problema pasajului de la km 20 pentru a putea deschide circula\u0163ia \u00een luna aprilie.<\/p>\n<p>\u201eConstructorii turci de pe Lotul Pietroasele-Municipiul Buz\u0103u (13,9 km) au avansat p\u00e2n\u0103 la 40% \u015fi vor finaliza lucr\u0103rile p\u00e2n\u0103 la sf\u00e2r\u015fitul acestui an. P\u00e2n\u0103 atunci vor asigura desc\u0103rcarea de pe Lotul Buz\u0103u-Vadu Pa\u015fii, unde constructorul rom\u00e2n lucreaz\u0103 \u00een acest moment la podul peste r\u00e2ul Buz\u0103u. Pe sec\u0163iunea dintre Foc\u015fani \u015fi Bac\u0103u (95,9 km), acela\u015fi constructor rom\u00e2n a ajuns la stadii cuprinse \u00eentre 25% \u015fi 45%.<\/p>\n<p>\u00cen mod sigur, anul acesta se va putea circula cel pu\u0163in de la Foc\u015fani la Adjud (49 km), iar anul viitor pe toat\u0103 Autostrada Moldovei, finan\u0163at\u0103 prin PNRR, \u00eentre Ploie\u015fti \u015fi Pa\u015fcani (319 km)\u201d, a mai transmis Sorin Grindeanu.<\/p>","protected":false},"excerpt":{"rendered":"<p>Mai mult, Sorin Grindeanu a transmis c\u0103 anul viitor \u0219oferii vor putea circula pe toat\u0103&hellip;<\/p>\n","protected":false},"author":0,"featured_media":41367,"comment_status":"open","ping_status":"open","sticky":false,"template":"","format":"standard","meta":{"footnotes":""},"categories":[2],"tags":[],"class_list":["post-41376","post","type-post","status-publish","format-standard","has-post-thumbnail","hentry","category-actual"],"_links":{"self":[{"href":"https:\/\/247stiri.ro\/index.php\/wp-json\/wp\/v2\/posts\/41376","targetHints":{"allow":["GET"]}}],"collection":[{"href":"https:\/\/247stiri.ro\/index.php\/wp-json\/wp\/v2\/posts"}],"about":[{"href":"https:\/\/247stiri.ro\/index.php\/wp-json\/wp\/v2\/types\/post"}],"replies":[{"embeddable":true,"href":"https:\/\/247stiri.ro\/index.php\/wp-json\/wp\/v2\/comments?post=41376"}],"version-history":[{"count":0,"href":"https:\/\/247stiri.ro\/index.php\/wp-json\/wp\/v2\/posts\/41376\/revisions"}],"wp:featuredmedia":[{"embeddable":true,"href":"https:\/\/247stiri.ro\/index.php\/wp-json\/wp\/v2\/media\/41367"}],"wp:attachment":[{"href":"https:\/\/247stiri.ro\/index.php\/wp-json\/wp\/v2\/media?parent=41376"}],"wp:term":[{"taxonomy":"category","embeddable":true,"href":"https:\/\/247stiri.ro\/index.php\/wp-json\/wp\/v2\/categories?post=41376"},{"taxonomy":"post_tag","embeddable":true,"href":"https:\/\/247stiri.ro\/index.php\/wp-json\/wp\/v2\/tags?post=41376"}],"curies":[{"name":"wp","href":"https:\/\/api.w.org\/{rel}","templated":true}]}}