{"id":41383,"date":"2025-03-21T14:44:58","date_gmt":"2025-03-21T14:44:58","guid":{"rendered":"https:\/\/247stiri.ro\/index.php\/2025\/03\/21\/crin-antonescu-a-gasit-antitodul-pentru-un-presedinte-care-a-tacut-prea-mult\/"},"modified":"2025-03-21T14:44:58","modified_gmt":"2025-03-21T14:44:58","slug":"crin-antonescu-a-gasit-antitodul-pentru-un-presedinte-care-a-tacut-prea-mult","status":"publish","type":"post","link":"https:\/\/247stiri.ro\/index.php\/2025\/03\/21\/crin-antonescu-a-gasit-antitodul-pentru-un-presedinte-care-a-tacut-prea-mult\/","title":{"rendered":"Crin Antonescu a g\u0103sit antitodul pentru un pre\u0219edinte care a t\u0103cut prea mult"},"content":{"rendered":"<p>Prezent la o \u00eent\u00e2lnire electoral\u0103 cu oameni de afaceru, \u00een teritoriu, Antonescu a declarat c\u0103 un \u0219ef de stat trebuie s\u0103 manifeste rolul de mediator \u00een societate, nu doar \u00eentre puterile politice.&#8221;&#8221;Trebuie s\u0103 lu\u0103m act de percep\u021bie, de sentimentul oamenilor. Trebuie mai mult\u0103 modestie, mai mult respect pentru cet\u0103\u021bean pe care el s\u0103 \u00eel simt\u0103 (&#8230;) Dup\u0103 un pre\u0219edinte care a t\u0103cut prea mult, trebuie un pre\u0219edinte care s\u0103 vorbeasc\u0103 \u00eendeajuns, s\u0103 vorbeasc\u0103 \u00eendeajuns nu cu ceilal\u021bi politicieni, nu cu apropia\u021bii lui, s\u0103 comunice cu cet\u0103\u021benii, s\u0103 explice ceea ce poate nu st\u0103 \u00een puterile lui, dar se \u00eent\u00e2mpl\u0103, pentru c\u0103 are acest rol de mediator \u00eentre toat\u0103 clasa politic\u0103 \u0219i restul societ\u0103\u021bii&#8221;&#8221;, a afirmat Crin Antonescu, potrivit Agerpres.Candidatul actualei coali\u021bii de guvernare a m\u0103rturisit c\u0103 s-a speriat atunci c\u00e2nd a v\u0103zut c\u0103 Rom\u00e2nia este pus\u0103 s\u0103 aleag\u0103 \u00eentre Vest sau Est.&#8221;&#8221;Eu nu mi-am imaginat acest lucru. (&#8230;) Acum, o dat\u0103 intrat \u00een lupt\u0103, nu \u00eemi mai e fric\u0103. Sunt ferm convins c\u0103 majoritatea aleg\u0103torilor rom\u00e2ni \u0219i majoritatea rom\u00e2nilor \u00een general nu au dubii \u0219i vor \u00eenainte pe calea asta, pe care am fost \u0219i am construit at\u00e2\u021bia ani. To\u021bi rom\u00e2nii vor schimb\u0103ri \u0219i to\u021bi \u00een\u021belegem c\u0103 ni\u0219te schimb\u0103ri trebuie s\u0103 se produc\u0103&#8221;&#8221;, a ad\u0103ugat Antonescu.Acesta a precizat c\u0103 Rom\u00e2nia nu este \u00een situa\u021bia de alege \u00eentre Uniunea European\u0103 \u0219i Statele Unite ale Americii. El este convins c\u0103 decizia corect\u0103 este de a avea parteneriate cu ambele p\u0103r\u021bi.&#8221;&#8221;Am vorbit prea des cum ne raport\u0103m noi la Uniunea European\u0103 \u0219i la Bruxelles. P\u0103i noi suntem Bruxelles-ul \u0219i noul, suntem ac\u021bionari acolo \u0219i cred c\u0103 trebuie s\u0103 ac\u021bion\u0103m acolo, \u0219i trebuie s\u0103 facem tot ce ne st\u0103 \u00een puteri s\u0103 fie \u0219i Uniunea European\u0103, \u0219i Statele Unite, nu sau&#8221;&#8221;, a mai spus candidatul Alian\u021bei Electorale Rom\u00e2nia \u00cenainte.\u00a0<\/p>","protected":false},"excerpt":{"rendered":"<p>Prezent la o \u00eent\u00e2lnire electoral\u0103 cu oameni de afaceru, \u00een teritoriu, Antonescu a declarat c\u0103&hellip;<\/p>\n","protected":false},"author":0,"featured_media":41373,"comment_status":"open","ping_status":"open","sticky":false,"template":"","format":"standard","meta":{"footnotes":""},"categories":[2],"tags":[],"class_list":["post-41383","post","type-post","status-publish","format-standard","has-post-thumbnail","hentry","category-actual"],"_links":{"self":[{"href":"https:\/\/247stiri.ro\/index.php\/wp-json\/wp\/v2\/posts\/41383","targetHints":{"allow":["GET"]}}],"collection":[{"href":"https:\/\/247stiri.ro\/index.php\/wp-json\/wp\/v2\/posts"}],"about":[{"href":"https:\/\/247stiri.ro\/index.php\/wp-json\/wp\/v2\/types\/post"}],"replies":[{"embeddable":true,"href":"https:\/\/247stiri.ro\/index.php\/wp-json\/wp\/v2\/comments?post=41383"}],"version-history":[{"count":0,"href":"https:\/\/247stiri.ro\/index.php\/wp-json\/wp\/v2\/posts\/41383\/revisions"}],"wp:featuredmedia":[{"embeddable":true,"href":"https:\/\/247stiri.ro\/index.php\/wp-json\/wp\/v2\/media\/41373"}],"wp:attachment":[{"href":"https:\/\/247stiri.ro\/index.php\/wp-json\/wp\/v2\/media?parent=41383"}],"wp:term":[{"taxonomy":"category","embeddable":true,"href":"https:\/\/247stiri.ro\/index.php\/wp-json\/wp\/v2\/categories?post=41383"},{"taxonomy":"post_tag","embeddable":true,"href":"https:\/\/247stiri.ro\/index.php\/wp-json\/wp\/v2\/tags?post=41383"}],"curies":[{"name":"wp","href":"https:\/\/api.w.org\/{rel}","templated":true}]}}