{"id":41390,"date":"2025-03-21T15:44:47","date_gmt":"2025-03-21T15:44:47","guid":{"rendered":"https:\/\/247stiri.ro\/index.php\/2025\/03\/21\/incident-grav-in-timisoara-un-politist-a-fost-batut-de-un-barbat-fiindca-nu-a-vrut-sa-se-legitimeze-agresorul-este-cercetat-pentru-ultraj\/"},"modified":"2025-03-21T15:44:47","modified_gmt":"2025-03-21T15:44:47","slug":"incident-grav-in-timisoara-un-politist-a-fost-batut-de-un-barbat-fiindca-nu-a-vrut-sa-se-legitimeze-agresorul-este-cercetat-pentru-ultraj","status":"publish","type":"post","link":"https:\/\/247stiri.ro\/index.php\/2025\/03\/21\/incident-grav-in-timisoara-un-politist-a-fost-batut-de-un-barbat-fiindca-nu-a-vrut-sa-se-legitimeze-agresorul-este-cercetat-pentru-ultraj\/","title":{"rendered":"Incident grav \u00een Timi\u0219oara. Un poli\u021bist a fost b\u0103tut de un b\u0103rbat, fiindc\u0103 nu a vrut s\u0103 se legitimeze. Agresorul este cercetat pentru ultraj"},"content":{"rendered":"<p>Potrivit unor surse din r\u00e2ndul anchetatorilor, b\u0103rbatul a devenit agresiv \u00een momentul \u00een care agentul i-a solicitat s\u0103 se legitimeze.\u201d\u00cen noaptea de 21.03.2025, \u00een jurul orei 03:20, \u00een public, vis-\u00e0-vis de intrarea \u00eentr-un local situat pe str. J.H. Pestalozzi din mun. Timi\u015foara, jud. Timi\u015f, inculpatul l-a lovit pe un agent principal de poli\u0163ie din cadrul Poli\u0163iei Municipiului Timi\u015foara, care se afla \u00een exercitarea atribu\u0163iilor de serviciu execut\u00e2nd serviciul pe schimbul III, cu pumnul \u00een zona fe\u0163ei, respectiv \u00een obrazul drept \u015fi \u00een zona toracelui drept, cauz\u00e2ndu-i leziuni ce necesit\u0103 un num\u0103r de 3-4 zile de \u00eengrijiri medicale\u201d, a transmis Parchetul de pe l\u00e2ng\u0103 Judec\u0103toria Timi\u015foara.Fa\u0163\u0103 de agresor, procurorul de caz a formulat propunere de arestare preventiv\u0103 pentru o perioad\u0103 de 30 de zile. Acesta este cercetat penal pentru ultraj.<\/p>","protected":false},"excerpt":{"rendered":"<p>Potrivit unor surse din r\u00e2ndul anchetatorilor, b\u0103rbatul a devenit agresiv \u00een momentul \u00een care agentul&hellip;<\/p>\n","protected":false},"author":0,"featured_media":41391,"comment_status":"open","ping_status":"open","sticky":false,"template":"","format":"standard","meta":{"footnotes":""},"categories":[2],"tags":[],"class_list":["post-41390","post","type-post","status-publish","format-standard","has-post-thumbnail","hentry","category-actual"],"_links":{"self":[{"href":"https:\/\/247stiri.ro\/index.php\/wp-json\/wp\/v2\/posts\/41390","targetHints":{"allow":["GET"]}}],"collection":[{"href":"https:\/\/247stiri.ro\/index.php\/wp-json\/wp\/v2\/posts"}],"about":[{"href":"https:\/\/247stiri.ro\/index.php\/wp-json\/wp\/v2\/types\/post"}],"replies":[{"embeddable":true,"href":"https:\/\/247stiri.ro\/index.php\/wp-json\/wp\/v2\/comments?post=41390"}],"version-history":[{"count":0,"href":"https:\/\/247stiri.ro\/index.php\/wp-json\/wp\/v2\/posts\/41390\/revisions"}],"wp:featuredmedia":[{"embeddable":true,"href":"https:\/\/247stiri.ro\/index.php\/wp-json\/wp\/v2\/media\/41391"}],"wp:attachment":[{"href":"https:\/\/247stiri.ro\/index.php\/wp-json\/wp\/v2\/media?parent=41390"}],"wp:term":[{"taxonomy":"category","embeddable":true,"href":"https:\/\/247stiri.ro\/index.php\/wp-json\/wp\/v2\/categories?post=41390"},{"taxonomy":"post_tag","embeddable":true,"href":"https:\/\/247stiri.ro\/index.php\/wp-json\/wp\/v2\/tags?post=41390"}],"curies":[{"name":"wp","href":"https:\/\/api.w.org\/{rel}","templated":true}]}}