{"id":41392,"date":"2025-03-21T15:44:48","date_gmt":"2025-03-21T15:44:48","guid":{"rendered":"https:\/\/247stiri.ro\/index.php\/2025\/03\/21\/vesti-proaste-pentru-bugetari-tanczos-barna-vrea-un-stat-mai-suplu-si-mai-eficient\/"},"modified":"2025-03-21T15:44:48","modified_gmt":"2025-03-21T15:44:48","slug":"vesti-proaste-pentru-bugetari-tanczos-barna-vrea-un-stat-mai-suplu-si-mai-eficient","status":"publish","type":"post","link":"https:\/\/247stiri.ro\/index.php\/2025\/03\/21\/vesti-proaste-pentru-bugetari-tanczos-barna-vrea-un-stat-mai-suplu-si-mai-eficient\/","title":{"rendered":"Ve\u0219ti proaste pentru bugetari. Tanczos Barna vrea un stat mai suplu \u0219i mai eficient"},"content":{"rendered":"<p>T\u00e1nczos Barna spune c\u0103 reducerea cheltuielilor cu angaja\u021bii de la stat r\u0103m\u00e2ne o prioritate pentru guvern, iar \u0219efii institu\u021biilor publice trebuie s\u0103 ia m\u0103surile necesare pentru a asigura servicii de calitate cu un num\u0103r mai mic de persoane.<\/p>\n<p>Ministrul finan\u021belor a ar\u0103tat c\u0103, la majoritatea ministerelor, bugetul anual a fost redus, ca prim\u0103 m\u0103sur\u0103 a reorganiz\u0103rii institu\u021bionale.<\/p>\n<p>\u201eAm redus cu 5% cheltuielile de personal, adic\u0103 \u00een paralel cu reducerea cu 5% \u0219i a bugetului de func\u021bionare a cheltuielilor administrative, astfel \u00eenc\u00e2t, p\u00e2n\u0103 la sf\u00e2r\u0219itul anului, s\u0103 ne \u00eencadr\u0103m \u00een acest deficit de 7%. \u00cen interiorul institu\u021biilor, managerii trebuie s\u0103 ia m\u0103surile necesare \u00eencadr\u0103rii \u00een aceste limite lunare\u201d, a declarat Tanczos Barna.<\/p>\n<p>\u201e\u0218i \u00een 2026, \u0219i \u00een 2027, institu\u021biile trebuie s\u0103 mearg\u0103 mai departe pe drumul digitaliz\u0103rii, eficientiz\u0103rii \u0219i reducerii cheltuielilor de func\u021bionare. Nu vorbesc, \u00eenc\u0103 o dat\u0103, de reducerea salariilor, ci vorbim de reducerea anvelopei de personal\u201d, a mai spus ministrul de Finan\u021be.<\/p>\n<p>\u00a0Ministrul finan\u021belor este prezent la Forumul Economic al Transilvaniei, organizat la T\u00e2rgu Mure\u0219 de Funda\u021bia Pro Economica. Particip\u0103 120 de antreprenori din 16 jude\u021be, dar \u0219i viceministrul \u00een Ministerul Afacerilor Externe \u0219i Comer\u021bului Exterior al Ungariei, Magyar Levente.<\/p>","protected":false},"excerpt":{"rendered":"<p>T\u00e1nczos Barna spune c\u0103 reducerea cheltuielilor cu angaja\u021bii de la stat r\u0103m\u00e2ne o prioritate pentru&hellip;<\/p>\n","protected":false},"author":0,"featured_media":41387,"comment_status":"open","ping_status":"open","sticky":false,"template":"","format":"standard","meta":{"footnotes":""},"categories":[2],"tags":[],"class_list":["post-41392","post","type-post","status-publish","format-standard","has-post-thumbnail","hentry","category-actual"],"_links":{"self":[{"href":"https:\/\/247stiri.ro\/index.php\/wp-json\/wp\/v2\/posts\/41392","targetHints":{"allow":["GET"]}}],"collection":[{"href":"https:\/\/247stiri.ro\/index.php\/wp-json\/wp\/v2\/posts"}],"about":[{"href":"https:\/\/247stiri.ro\/index.php\/wp-json\/wp\/v2\/types\/post"}],"replies":[{"embeddable":true,"href":"https:\/\/247stiri.ro\/index.php\/wp-json\/wp\/v2\/comments?post=41392"}],"version-history":[{"count":0,"href":"https:\/\/247stiri.ro\/index.php\/wp-json\/wp\/v2\/posts\/41392\/revisions"}],"wp:featuredmedia":[{"embeddable":true,"href":"https:\/\/247stiri.ro\/index.php\/wp-json\/wp\/v2\/media\/41387"}],"wp:attachment":[{"href":"https:\/\/247stiri.ro\/index.php\/wp-json\/wp\/v2\/media?parent=41392"}],"wp:term":[{"taxonomy":"category","embeddable":true,"href":"https:\/\/247stiri.ro\/index.php\/wp-json\/wp\/v2\/categories?post=41392"},{"taxonomy":"post_tag","embeddable":true,"href":"https:\/\/247stiri.ro\/index.php\/wp-json\/wp\/v2\/tags?post=41392"}],"curies":[{"name":"wp","href":"https:\/\/api.w.org\/{rel}","templated":true}]}}