{"id":41394,"date":"2025-03-21T15:44:49","date_gmt":"2025-03-21T15:44:49","guid":{"rendered":"https:\/\/247stiri.ro\/index.php\/2025\/03\/21\/trafic-blocat-pe-o-sosea-intens-circulata-din-judetul-sibiu-o-masina-s-a-izbit-violent-de-un-camion\/"},"modified":"2025-03-21T15:44:49","modified_gmt":"2025-03-21T15:44:49","slug":"trafic-blocat-pe-o-sosea-intens-circulata-din-judetul-sibiu-o-masina-s-a-izbit-violent-de-un-camion","status":"publish","type":"post","link":"https:\/\/247stiri.ro\/index.php\/2025\/03\/21\/trafic-blocat-pe-o-sosea-intens-circulata-din-judetul-sibiu-o-masina-s-a-izbit-violent-de-un-camion\/","title":{"rendered":"Trafic blocat pe o \u0219osea intens circulat\u0103 din jude\u021bul Sibiu. O ma\u0219in\u0103 s-a izbit violent de un camion"},"content":{"rendered":"<p>Din primele informa\u021bii, vinovat de producerea <a href=\"https:\/\/www.realitatea.net\/stiri\/actual\/trafic-ingreunat-pe-dn1-patru-masini-sau-ciocnit-la-intrarea-in-localitatea-tileagd-din-bihor_67dc31a954661b0b0e6a056d\" target=\"_blank\">accidentului<\/a> este b\u0103rbatul de 61 de ani, care se afla la volanul ma\u0219inii. Se pare c\u0103 acesta nu s-a asigurat, a p\u0103truns pe contrasens \u0219i s-a izbit violent de un camion care circula regulamentar.\u00a0<\/p>\n<p>\u201c\u00cen timp ce conducea un autoturism spre Sighi\u0219oara, din cauze care urmeaz\u0103 a se stabili, un b\u0103rbat \u00een v\u00e2rst\u0103 de 61 de ani, din jude\u021bul Mure\u0219, a p\u0103truns pe contrasens, unde a intrat \u00een coliziune cu un camion condus din sens opus de c\u0103tre un b\u0103rbat \u00een v\u00e2rst\u0103 de 51 de ani, din jude\u021bul Bistri\u021ba-N\u0103s\u0103ud\u201d, a declarat Elena Welter, purt\u0103tor de cuv\u00e2nt IPJ Sibiu.<\/p>\n<p>\u00cen urma impactului, \u0219oferul autoturismului a suferit mai multe leziuni \u0219i a fost transportat de urgen\u021b\u0103 la spital con\u0219tient.<\/p>\n<p>\u201cSAJ SIBIU a intervenit cu un echipaj cu medic \u00een apropierea localit\u0103\u021bii Brateiu,la un accident rutier produs \u00eentre un autoturism \u0219i un autocamion. \u00cen urma accidentului un b\u0103rbat de 61 de ani a suferit traumatisme de membre inferioare \u0219i superioare \u0219i a fost transportat la CPU Media\u0219 \u00een stare stabil\u0103\u201c, precizeaz\u0103 Vasile Scridon, purt\u0103tor de cuv\u00e2nt SAJ Sibiu.<\/p>","protected":false},"excerpt":{"rendered":"<p>Din primele informa\u021bii, vinovat de producerea accidentului este b\u0103rbatul de 61 de ani, care se&hellip;<\/p>\n","protected":false},"author":0,"featured_media":41395,"comment_status":"open","ping_status":"open","sticky":false,"template":"","format":"standard","meta":{"footnotes":""},"categories":[2],"tags":[],"class_list":["post-41394","post","type-post","status-publish","format-standard","has-post-thumbnail","hentry","category-actual"],"_links":{"self":[{"href":"https:\/\/247stiri.ro\/index.php\/wp-json\/wp\/v2\/posts\/41394","targetHints":{"allow":["GET"]}}],"collection":[{"href":"https:\/\/247stiri.ro\/index.php\/wp-json\/wp\/v2\/posts"}],"about":[{"href":"https:\/\/247stiri.ro\/index.php\/wp-json\/wp\/v2\/types\/post"}],"replies":[{"embeddable":true,"href":"https:\/\/247stiri.ro\/index.php\/wp-json\/wp\/v2\/comments?post=41394"}],"version-history":[{"count":0,"href":"https:\/\/247stiri.ro\/index.php\/wp-json\/wp\/v2\/posts\/41394\/revisions"}],"wp:featuredmedia":[{"embeddable":true,"href":"https:\/\/247stiri.ro\/index.php\/wp-json\/wp\/v2\/media\/41395"}],"wp:attachment":[{"href":"https:\/\/247stiri.ro\/index.php\/wp-json\/wp\/v2\/media?parent=41394"}],"wp:term":[{"taxonomy":"category","embeddable":true,"href":"https:\/\/247stiri.ro\/index.php\/wp-json\/wp\/v2\/categories?post=41394"},{"taxonomy":"post_tag","embeddable":true,"href":"https:\/\/247stiri.ro\/index.php\/wp-json\/wp\/v2\/tags?post=41394"}],"curies":[{"name":"wp","href":"https:\/\/api.w.org\/{rel}","templated":true}]}}