{"id":41404,"date":"2025-03-21T16:45:02","date_gmt":"2025-03-21T16:45:02","guid":{"rendered":"https:\/\/247stiri.ro\/index.php\/2025\/03\/21\/anca-alexandrescu-dupa-ce-gigi-becali-a-pretins-ca-a-dat-700-000-de-euro-partidului-aur-eu-auzisem-ca-doar-s-a-laudat-sa-explice-daca-a-dat-banii-la-negru-dna-si-ani-sa-se-autosesizeze\/"},"modified":"2025-03-21T16:45:02","modified_gmt":"2025-03-21T16:45:02","slug":"anca-alexandrescu-dupa-ce-gigi-becali-a-pretins-ca-a-dat-700-000-de-euro-partidului-aur-eu-auzisem-ca-doar-s-a-laudat-sa-explice-daca-a-dat-banii-la-negru-dna-si-ani-sa-se-autosesizeze","status":"publish","type":"post","link":"https:\/\/247stiri.ro\/index.php\/2025\/03\/21\/anca-alexandrescu-dupa-ce-gigi-becali-a-pretins-ca-a-dat-700-000-de-euro-partidului-aur-eu-auzisem-ca-doar-s-a-laudat-sa-explice-daca-a-dat-banii-la-negru-dna-si-ani-sa-se-autosesizeze\/","title":{"rendered":"Anca Alexandrescu, dup\u0103 ce Gigi Becali a pretins c\u0103 a dat 700.000 de euro partidului AUR: \u201dEu auzisem c\u0103 doar s-a l\u0103udat. S\u0103 explice dac\u0103 a dat banii la negru. DNA \u0219i ANI s\u0103 se autosesizeze\u201d"},"content":{"rendered":"<p>\u201dDomnul Becali, \u0219ti\u021bi cum e: Gura bate&#8230;.\u0219i mai departe puncte, puncte, pentru c\u0103 suntem \u00een Postul Pa\u0219telui. Se pare c\u0103 pentru domnul Becali nu mai conteaz\u0103 postul. De unde era toat\u0103 ziua cu biserica \u0219i cu Dumnezeu, v\u0103d c\u0103 acum toat\u0103 ziua este cu jigniri, \u00eenjur\u0103turi, minciuni \u0219i afirma\u021bii def\u0103im\u0103toare la adresa tuturor celor care nu stau drep\u021bi \u00een fa\u021ba domniei sale.\u00a0<\/p>\n<p>Pe mine nu m\u0103 mir\u0103 pentru c\u0103 domnul Becali este produsul domnului Viorel Hrebenciuc, domnul Becali a fost introdus \u00een politic\u0103 de Viorel Hrebenciuc \u0219i cu ajutorul lui a f\u0103cut un partid, tocmai pentru a fi balama \u0219i a face ni\u0219te jocuri politice, dar de asta probabil se va ocupa presa.\u00a0<\/p>\n<p>Ceea ce spune\u021bi voi \u0219i afirma\u021biile pe care le-a f\u0103cut George Simion sunt extrem de grave. Eu am fost, \u0219i dac\u0103 v\u0103 aduce\u021bi aminte, am relatat de la Pechea despre ce a f\u0103cut AUR acolo, \u0219i chiar am fost la tab\u0103ra constuit\u0103 de AUR acolo, \u0219i am f\u0103cut nenum\u0103rate live-uri de acolo. \u0218tiu c\u0103 la momentul acela domnul Becali promisese ni\u0219te bani, nu \u0219tiu dac\u0103 i-a dat sau nu. Eu auzisem c\u0103 doar s-a l\u0103udat. Acum, dac\u0103 domnia sa s-a l\u0103udat cred c\u0103 institu\u021biile statului rom\u00e2n, adic\u0103 DNA-ul \u0219i ANI ar trebui s\u0103 se autosesizeze pentru c\u0103 domnia sa avea obliga\u021bia obliga\u021bia legal\u0103 s\u0103 declare \u00een declara\u021bia de avere, \u00een afar\u0103 de acel \u00eemprumut legal despre care a vorbit domnul Simion \u0219i despre care s-a \u0219tiut public c\u0103 a dat acei bani \u00eemprumut la partid, trebuia s\u0103 \u00eei declare \u00een declara\u021bia de avere.<\/p>\n<p>Dac\u0103 nu s-au dus l-a partid cum spune domnul Simion \u0219i nu cred c\u0103 ar avea vreun interes domnul Simion s\u0103 mint\u0103, unde s-au dus banii? Dac\u0103 a dat banii la negru institu\u021biile statului trebuie s\u0103 vad\u0103 de unde a avut domnul Gigi Becali 700 de mii de euro \u0219i cum i-a dat, cu acte, f\u0103r\u0103 acte. Eu cred c\u0103 toate institu\u021biile statului ast\u0103zi trebuie s\u0103 se autosesizeze \u0219i s\u0103 \u00eel cheme pe domnul Becali s\u0103 \u00eel ia la \u00eentreb\u0103ri.<\/p>\n<p>De altfel, pe mine \u0219ti\u021bi ce m\u0103 uime\u0219te, pentru c\u0103 am auzit din nou avalan\u0219a de jigniri \u0219i de \u00eenjur\u0103turi at\u00e2t la adresa mea, c\u00e2t \u0219i la adresa domnului P\u0103curaru \u0219i a \u00eentregii redac\u021bii, am v\u0103zut mesajele pe care le trimite colegilor mei, sub orice critic\u0103, minciuni sfruntate, \u00eentrebarea mea este urm\u0103toarea: Dac\u0103 domnul Becali mai are toate \u021biglele pe cas\u0103? Pentru c\u0103 m-am uitat la mesajele pe care mi le d\u0103dea \u00een urm\u0103 cu o lun\u0103, cu dou\u0103 luni, cu trei luni, \u00een care \u00eemi spunea c\u0103 m\u0103 respect\u0103, c\u0103 suntem extraordinari, c\u0103 suntem corec\u021bi, c\u0103 cei de la RTV sunt cei care au luat bani de la PSD \u0219i fac jocuri, cum discut\u0103 el cu domnul Hrebenciuc, cum face el anumite jocuri. Deci, nu \u00een\u021beleg, are dubl\u0103 personalitate sau necuratul l-a acaparat pe domnul Becali pentru c\u0103 alt\u0103 explica\u021bie nu g\u0103sesc.\u00a0<\/p>\n<p>Eu m\u0103 uit \u00een telefonul meu la mesajele schimbate de domnul Becali cu mine \u0219i v\u0103d ast\u0103zi un alt domn Becali. Eu sper ca domnul Becali s\u0103 \u00ee\u0219i revin\u0103, dar \u00een acela\u0219i timp autorit\u0103\u021bile statului s\u0103 fac\u0103 lumin\u0103 pentru c\u0103 s\u0103 dai 700 de mii de euro, \u00een campanie electoral\u0103, \u0219i s\u0103 nu \u00eei declari eu m\u0103 pot g\u00e2ndi c\u0103 poate fi cump\u0103rare de influen\u021b\u0103 \u0219i cump\u0103rare de voturi. Nu de asta este acuzat domnul C\u0103lin Georgescu \u0219i domnul Bogdan Pe\u0219chir? Chiar asear\u0103 am discutat despre asta. P\u0103i unde, de ce dubla m\u0103sur\u0103? Domnul Becali are protec\u021bie? De la cine, de la domnul Hrebenciuc \u0219i de la ga\u0219ca, de la cei de la CCR, despre care spunea c\u0103 le pup\u0103 m\u00e2inile \u0219i picioarele pentru decizia care au dat-o?\u00a0<\/p>\n<p>P\u0103i eu dac\u0103 m\u0103 uit la mesajele pe care mi le-a dat \u00een decembrie, \u00eemi spunea c\u0103 d\u00e2nsul vrea s\u0103 se retrag\u0103 pentru c\u0103 ce au f\u0103cut \u0103\u0219tia pe 6 decembrie, ne aresteaz\u0103 pe to\u021bi, ne iau pe to\u021bi pe sus. Eu am mesajele \u00een telefon, nu le fac publice pentru c\u0103 sunt un om de caracter. Eu \u00eel sf\u0103tuiesc pe domnul Becali s\u0103 se duc\u0103 la duhovnicul s\u0103u s\u0103 se spovedeasc\u0103 \u0219i apoi s\u0103 mearg\u0103 la institu\u021biile statului c\u0103 dac\u0103 nu, \u00eenseamn\u0103 c\u0103 are protec\u021bie.<\/p>\n<p>Dac\u0103 institu\u021biile statului nu se autosesizeaz\u0103 s\u0103 cerceteze ce se \u00eent\u00e2mpl\u0103 cu ace\u0219ti bani, \u00eenseamn\u0103 c\u0103 pentru unii mum\u0103, pentru al\u021bii cium\u0103. Legea se aplic\u0103 doar pentru cei care deranjeaz\u0103 statul paralel. \u00cen\u021beleg c\u0103 domnul Becali e al statului paralel dac\u0103 nu \u00eel deranjeaz\u0103 nimeni\u201d, a declarat Anca Alexandrescu, la Realitatea PLUS.\u00a0<\/p>","protected":false},"excerpt":{"rendered":"<p>\u201dDomnul Becali, \u0219ti\u021bi cum e: Gura bate&#8230;.\u0219i mai departe puncte, puncte, pentru c\u0103 suntem \u00een&hellip;<\/p>\n","protected":false},"author":0,"featured_media":41401,"comment_status":"open","ping_status":"open","sticky":false,"template":"","format":"standard","meta":{"footnotes":""},"categories":[2],"tags":[],"class_list":["post-41404","post","type-post","status-publish","format-standard","has-post-thumbnail","hentry","category-actual"],"_links":{"self":[{"href":"https:\/\/247stiri.ro\/index.php\/wp-json\/wp\/v2\/posts\/41404","targetHints":{"allow":["GET"]}}],"collection":[{"href":"https:\/\/247stiri.ro\/index.php\/wp-json\/wp\/v2\/posts"}],"about":[{"href":"https:\/\/247stiri.ro\/index.php\/wp-json\/wp\/v2\/types\/post"}],"replies":[{"embeddable":true,"href":"https:\/\/247stiri.ro\/index.php\/wp-json\/wp\/v2\/comments?post=41404"}],"version-history":[{"count":0,"href":"https:\/\/247stiri.ro\/index.php\/wp-json\/wp\/v2\/posts\/41404\/revisions"}],"wp:featuredmedia":[{"embeddable":true,"href":"https:\/\/247stiri.ro\/index.php\/wp-json\/wp\/v2\/media\/41401"}],"wp:attachment":[{"href":"https:\/\/247stiri.ro\/index.php\/wp-json\/wp\/v2\/media?parent=41404"}],"wp:term":[{"taxonomy":"category","embeddable":true,"href":"https:\/\/247stiri.ro\/index.php\/wp-json\/wp\/v2\/categories?post=41404"},{"taxonomy":"post_tag","embeddable":true,"href":"https:\/\/247stiri.ro\/index.php\/wp-json\/wp\/v2\/tags?post=41404"}],"curies":[{"name":"wp","href":"https:\/\/api.w.org\/{rel}","templated":true}]}}