{"id":4141,"date":"2024-11-03T15:44:49","date_gmt":"2024-11-03T15:44:49","guid":{"rendered":"https:\/\/247stiri.ro\/index.php\/2024\/11\/03\/ambasada-republicii-moldova-din-berlin-sub-asalt-o-persoana-a-spart-geamul-locului-unde-se-desfasoara-alegerile\/"},"modified":"2024-11-03T15:44:49","modified_gmt":"2024-11-03T15:44:49","slug":"ambasada-republicii-moldova-din-berlin-sub-asalt-o-persoana-a-spart-geamul-locului-unde-se-desfasoara-alegerile","status":"publish","type":"post","link":"https:\/\/247stiri.ro\/index.php\/2024\/11\/03\/ambasada-republicii-moldova-din-berlin-sub-asalt-o-persoana-a-spart-geamul-locului-unde-se-desfasoara-alegerile\/","title":{"rendered":"Ambasada Republicii Moldova din Berlin, sub asalt. O persoan\u0103 a spart geamul locului unde se desf\u0103\u0219oar\u0103 alegerile"},"content":{"rendered":"<p>Conform informa\u021biilor ob\u021binute de <a href=\"https:\/\/tv8.md\/\" target=\"_blank\" rel=\"noopener\">TV8<\/a>, un individ a spart geamul ambasadei, gener\u00e2nd \u00eengrijorare \u00een r\u00e2ndul aleg\u0103torilor moldoveni \u0219i al autorit\u0103\u021bilor.<\/p>\n<p>Imaginile surprinse de martori la fa\u021ba locului ilustreaz\u0103 gravitatea situa\u021biei. La scurt timp dup\u0103 incident, poli\u021bia a fost chemat\u0103 pentru a evalua circumstan\u021bele \u0219i a asigura ordinea public\u0103. \u00cen urma interven\u021biei, autorit\u0103\u021bile au re\u021binut persoana suspect\u0103, care purta o \u021binut\u0103 sport \u0219i un chipiu albastru.<\/p>\n\n<p>Aceste evenimente subliniaz\u0103 nu doar tensiunea din jurul alegerilor, ci \u0219i provoc\u0103rile cu care se confrunt\u0103 comunitatea moldovean\u0103 \u00een contextul deciziilor politice cruciale.<\/p>\n<p>Tot \u00een cursul zilei de azi, poli\u021bia a sistat traficul de pe podul R\u00e2bni\u021ba \u2013 Rezina, interdic\u021bia viz\u00e2nd inclusiv pietonii, transmite reporterul Europei Libere de la fa\u021ba locului, potrivit stiripesurse.md.Reprezentan\u021bii Poli\u021biei spun c\u0103 la postul vamal intern se afl\u0103 o persoan\u0103 suspect\u0103 care nu colaboreaz\u0103 cu for\u021bele de ordine \u0219i \u201ede\u021bine o cutie suspect\u0103\u201d, refuz\u00e2nd s\u0103 dezv\u0103luie con\u021binutul acesteia.<\/p>\n<p>\u201ePaza perimetrului este asigurat\u0103, iar serviciile specializate din cadrul Inspectoratului General al Poli\u021biei urmeaz\u0103 s\u0103 documenteze cazul \u0219i s\u0103 verifice circumstan\u021bele.<\/p>\n<p>Imediat ce cazul va fi documentat conform protocoalelor, traficul \u00een zon\u0103 \u00ee\u0219i va relua activitatea\u201d,\u00a0a spus Europei Libere, purt\u0103toarea de cuv\u00e2nt a Inspectoratului de Poli\u021bie, Elena B\u0103etr\u0103u.<\/p>\n<p>Anterior au fost raportate cozi uria\u0219e pe podul R\u00e2bni\u021ba-Rezina! Sute de ma\u0219ini se \u00eendreapt\u0103 dinspre regiunea transnistrean\u0103 c\u0103tre sec\u021biile de vot deschise pentru aleg\u0103torii din st\u00e2nga Nistrului.<\/p>\n<p>Anterior, mai mul\u021bi moldoveni care \u00ee\u0219i exercit\u0103 dreptul de vot \u00een cele 30 de sec\u021bii de votare deschise pentru aleg\u0103torii din regiunea transnistrean\u0103 au anun\u021bat c\u0103 oamenii sunt adu\u0219i la sec\u021bii cu autocare \u0219i microbuze.<\/p>\n<p>\u201eSunt adu\u0219i cu autobuzele, cu rutierele p\u00e2n\u0103 la po\u0219t\u0103. De acolo oamenii merg pe jos\u201d,\u00a0a declarat o femeie care voteaz\u0103 la sec\u021bia din Bender.<\/p>\n<p><a title=\"O noua statiune cu bai sarate isi face aparitia in Romania. Primarul crede ca va atrage mii de vizitatori anual \" href=\"https:\/\/www.realitatea.net\/stiri\/actual\/o-noua-statiune-cu-bai-sarate-isi-face-aparitia-in-romania-primarul-crede-ca-va-atrage-mii-de-vizitatori-anual_6727840533c99467c539890a\">O nou\u0103 sta\u021biune cu b\u0103i s\u0103rate \u00ee\u0219i face apari\u021bia \u00een Rom\u00e2nia. Primarul crede c\u0103 va atrage mii de vizitatori anual<\/a><\/p>","protected":false},"excerpt":{"rendered":"<p>Conform informa\u021biilor ob\u021binute de TV8, un individ a spart geamul ambasadei, gener\u00e2nd \u00eengrijorare \u00een r\u00e2ndul&hellip;<\/p>\n","protected":false},"author":0,"featured_media":4133,"comment_status":"open","ping_status":"open","sticky":false,"template":"","format":"standard","meta":{"footnotes":""},"categories":[2],"tags":[],"class_list":["post-4141","post","type-post","status-publish","format-standard","has-post-thumbnail","hentry","category-actual"],"_links":{"self":[{"href":"https:\/\/247stiri.ro\/index.php\/wp-json\/wp\/v2\/posts\/4141","targetHints":{"allow":["GET"]}}],"collection":[{"href":"https:\/\/247stiri.ro\/index.php\/wp-json\/wp\/v2\/posts"}],"about":[{"href":"https:\/\/247stiri.ro\/index.php\/wp-json\/wp\/v2\/types\/post"}],"replies":[{"embeddable":true,"href":"https:\/\/247stiri.ro\/index.php\/wp-json\/wp\/v2\/comments?post=4141"}],"version-history":[{"count":0,"href":"https:\/\/247stiri.ro\/index.php\/wp-json\/wp\/v2\/posts\/4141\/revisions"}],"wp:featuredmedia":[{"embeddable":true,"href":"https:\/\/247stiri.ro\/index.php\/wp-json\/wp\/v2\/media\/4133"}],"wp:attachment":[{"href":"https:\/\/247stiri.ro\/index.php\/wp-json\/wp\/v2\/media?parent=4141"}],"wp:term":[{"taxonomy":"category","embeddable":true,"href":"https:\/\/247stiri.ro\/index.php\/wp-json\/wp\/v2\/categories?post=4141"},{"taxonomy":"post_tag","embeddable":true,"href":"https:\/\/247stiri.ro\/index.php\/wp-json\/wp\/v2\/tags?post=4141"}],"curies":[{"name":"wp","href":"https:\/\/api.w.org\/{rel}","templated":true}]}}