{"id":41412,"date":"2025-03-21T17:45:00","date_gmt":"2025-03-21T17:45:00","guid":{"rendered":"https:\/\/247stiri.ro\/index.php\/2025\/03\/21\/inconstienta-fara-margini-minor-din-bucuresti-prins-la-volanul-unei-masini-pe-dn61-le-a-dat-politistilor-date-false\/"},"modified":"2025-03-21T17:45:00","modified_gmt":"2025-03-21T17:45:00","slug":"inconstienta-fara-margini-minor-din-bucuresti-prins-la-volanul-unei-masini-pe-dn61-le-a-dat-politistilor-date-false","status":"publish","type":"post","link":"https:\/\/247stiri.ro\/index.php\/2025\/03\/21\/inconstienta-fara-margini-minor-din-bucuresti-prins-la-volanul-unei-masini-pe-dn61-le-a-dat-politistilor-date-false\/","title":{"rendered":"Inconstien\u021b\u0103 f\u0103r\u0103 margini. Minor din Bucure\u0219ti, prins la volanul unei ma\u0219ini pe DN61. Le-a dat poli\u021bi\u0219tilor date false"},"content":{"rendered":"<p>Mai mult, <a href=\"https:\/\/www.realitatea.net\/stiri\/actual\/urmarire-ca-in-filme-pe-strazile-din-dolj-minor-fara-permis-la-volan-oprit-de-politisti-cu-focuri-de-arma-video_62f3877d44b7040183226e22\" target=\"_blank\">minorul <\/a>le-a prezentat poli\u021bi\u0219tilor din cadrul Poli\u0163iei Ora\u015fului G\u0103e\u015fti, care l-au oprit \u00een trafic date false privind identitatea sa.<\/p>\n<p>\u201eLa data de 20 martie a.c., poli\u0163i\u015ftii din cadrul Poli\u0163iei Ora\u015fului G\u0103e\u015fti au efectuat semnal regulamentar de oprire pentru un autoturism care se deplasat pe DN 61, pe raza ora\u015fului. Poli\u0163i\u015ftii i-au solicitat \u015foferului s\u0103 prezinte documentele prev\u0103zute de lege, iar pentru a-i induce \u00een eroare, acesta ar fi furnizat date false privind identitatea sa, apar\u0163in\u00e2nd altei persoane. \u00cen urma verific\u0103rilor efectuate, poli\u0163i\u015ftii au identificat conduc\u0103torul auto ca fiind un t\u00e2n\u0103r, de 16 ani, din Bucure\u015fti\u201d, a transmis IPJ D\u00e2mbovi\u0163a.<\/p>\n<p>Dup\u0103 ce au constatat c\u0103 t\u00e2n\u0103rul \u00een cauz\u0103 nu de\u0163ine permis de conducere pentru nicio categorie de vehicule, poli\u021bi\u0219tii au deschis pe numele s\u0103u un dosar penal pentru conducerea unui vehicul f\u0103r\u0103 permis de conducere \u015fi falsul privind identitatea.<\/p>","protected":false},"excerpt":{"rendered":"<p>Mai mult, minorul le-a prezentat poli\u021bi\u0219tilor din cadrul Poli\u0163iei Ora\u015fului G\u0103e\u015fti, care l-au oprit \u00een&hellip;<\/p>\n","protected":false},"author":0,"featured_media":41413,"comment_status":"open","ping_status":"open","sticky":false,"template":"","format":"standard","meta":{"footnotes":""},"categories":[2],"tags":[],"class_list":["post-41412","post","type-post","status-publish","format-standard","has-post-thumbnail","hentry","category-actual"],"_links":{"self":[{"href":"https:\/\/247stiri.ro\/index.php\/wp-json\/wp\/v2\/posts\/41412","targetHints":{"allow":["GET"]}}],"collection":[{"href":"https:\/\/247stiri.ro\/index.php\/wp-json\/wp\/v2\/posts"}],"about":[{"href":"https:\/\/247stiri.ro\/index.php\/wp-json\/wp\/v2\/types\/post"}],"replies":[{"embeddable":true,"href":"https:\/\/247stiri.ro\/index.php\/wp-json\/wp\/v2\/comments?post=41412"}],"version-history":[{"count":0,"href":"https:\/\/247stiri.ro\/index.php\/wp-json\/wp\/v2\/posts\/41412\/revisions"}],"wp:featuredmedia":[{"embeddable":true,"href":"https:\/\/247stiri.ro\/index.php\/wp-json\/wp\/v2\/media\/41413"}],"wp:attachment":[{"href":"https:\/\/247stiri.ro\/index.php\/wp-json\/wp\/v2\/media?parent=41412"}],"wp:term":[{"taxonomy":"category","embeddable":true,"href":"https:\/\/247stiri.ro\/index.php\/wp-json\/wp\/v2\/categories?post=41412"},{"taxonomy":"post_tag","embeddable":true,"href":"https:\/\/247stiri.ro\/index.php\/wp-json\/wp\/v2\/tags?post=41412"}],"curies":[{"name":"wp","href":"https:\/\/api.w.org\/{rel}","templated":true}]}}