{"id":41414,"date":"2025-03-21T17:45:01","date_gmt":"2025-03-21T17:45:01","guid":{"rendered":"https:\/\/247stiri.ro\/index.php\/2025\/03\/21\/incident-halucinant-intr-o-localitate-din-timis-un-mausoleu-din-cimitir-a-fost-profanat\/"},"modified":"2025-03-21T17:45:01","modified_gmt":"2025-03-21T17:45:01","slug":"incident-halucinant-intr-o-localitate-din-timis-un-mausoleu-din-cimitir-a-fost-profanat","status":"publish","type":"post","link":"https:\/\/247stiri.ro\/index.php\/2025\/03\/21\/incident-halucinant-intr-o-localitate-din-timis-un-mausoleu-din-cimitir-a-fost-profanat\/","title":{"rendered":"Incident halucinant \u00eentr-o localitate din Timi\u0219. Un mausoleu din cimitir a fost profanat"},"content":{"rendered":"<p>Reprezentan\u021bii Inspectoratului de Poli\u021bie Jude\u021bean Timi\u0219 au transmis c\u0103 zidul mausoleului a fost g\u0103sit distrus de c\u0103tre un b\u0103rbat \u00een v\u00e2rst\u0103 de 66 de ani care a sunat la 112.\u00a0<\/p>\n<p>\u201dLa data de 21 martie 2025, \u00een jurul orei 15:00, poli\u0163i\u015ftii Sec\u0163iei 4 Rurale Peciu Nou au fost sesiza\u0163i de c\u0103tre un b\u0103rbat, \u00een v\u00e2rst\u0103 de 66 de ani, cu privire la faptul c\u0103 mausoleul unei familii, situat \u00een <a href=\"https:\/\/www.realitatea.net\/stiri\/actual\/sfarsit-cumplit-pentru-o-batrana-de-80-de-ani-din-galati-a-fost-ucisa-si-jefuita-de-un-tanar-de-21-de-ani-agresorul-sa-ascuns-intro-cripta-din-cimitir_67c9ae7845f6524000258e12\" target=\"_blank\">cimitirul<\/a> din localitatea Foeni, jude\u0163ul Timi\u015f ar fi fost profanat\u201d, a transmis IPJ Timi\u015f.<\/p>\n<p>\u00cen urma verific\u0103rilor efectuate la fa\u0163a locului, poli\u0163i\u015ftii au constatat c\u0103 zidul unui morm\u00e2nt din interiorul capelei a fost distrus.<\/p>\n<p>\u201d\u00cen continuare, poli\u0163i\u015ftii efectueaz\u0103 cercet\u0103ri pentru \u00a0stabilirea cu exactitate a \u00eentregii situa\u0163ii de fapt \u00een vederea dispunerii m\u0103surilor legale care se impun\u201d, a precizat IPJ Timi\u015f.<\/p>","protected":false},"excerpt":{"rendered":"<p>Reprezentan\u021bii Inspectoratului de Poli\u021bie Jude\u021bean Timi\u0219 au transmis c\u0103 zidul mausoleului a fost g\u0103sit distrus&hellip;<\/p>\n","protected":false},"author":0,"featured_media":41415,"comment_status":"open","ping_status":"open","sticky":false,"template":"","format":"standard","meta":{"footnotes":""},"categories":[2],"tags":[],"class_list":["post-41414","post","type-post","status-publish","format-standard","has-post-thumbnail","hentry","category-actual"],"_links":{"self":[{"href":"https:\/\/247stiri.ro\/index.php\/wp-json\/wp\/v2\/posts\/41414","targetHints":{"allow":["GET"]}}],"collection":[{"href":"https:\/\/247stiri.ro\/index.php\/wp-json\/wp\/v2\/posts"}],"about":[{"href":"https:\/\/247stiri.ro\/index.php\/wp-json\/wp\/v2\/types\/post"}],"replies":[{"embeddable":true,"href":"https:\/\/247stiri.ro\/index.php\/wp-json\/wp\/v2\/comments?post=41414"}],"version-history":[{"count":0,"href":"https:\/\/247stiri.ro\/index.php\/wp-json\/wp\/v2\/posts\/41414\/revisions"}],"wp:featuredmedia":[{"embeddable":true,"href":"https:\/\/247stiri.ro\/index.php\/wp-json\/wp\/v2\/media\/41415"}],"wp:attachment":[{"href":"https:\/\/247stiri.ro\/index.php\/wp-json\/wp\/v2\/media?parent=41414"}],"wp:term":[{"taxonomy":"category","embeddable":true,"href":"https:\/\/247stiri.ro\/index.php\/wp-json\/wp\/v2\/categories?post=41414"},{"taxonomy":"post_tag","embeddable":true,"href":"https:\/\/247stiri.ro\/index.php\/wp-json\/wp\/v2\/tags?post=41414"}],"curies":[{"name":"wp","href":"https:\/\/api.w.org\/{rel}","templated":true}]}}