{"id":41417,"date":"2025-03-21T17:45:03","date_gmt":"2025-03-21T17:45:03","guid":{"rendered":"https:\/\/247stiri.ro\/index.php\/2025\/03\/21\/mircea-fechet-mesaj-de-ziua-padurilor-cele-aproape-8-000-hectare-noi-de-padure-ne-vor-ajuta-sa-luptam-cu-efectele-schimbarilor-de-clima-si-sa-impiedicam-desertificarea\/"},"modified":"2025-03-21T17:45:03","modified_gmt":"2025-03-21T17:45:03","slug":"mircea-fechet-mesaj-de-ziua-padurilor-cele-aproape-8-000-hectare-noi-de-padure-ne-vor-ajuta-sa-luptam-cu-efectele-schimbarilor-de-clima-si-sa-impiedicam-desertificarea","status":"publish","type":"post","link":"https:\/\/247stiri.ro\/index.php\/2025\/03\/21\/mircea-fechet-mesaj-de-ziua-padurilor-cele-aproape-8-000-hectare-noi-de-padure-ne-vor-ajuta-sa-luptam-cu-efectele-schimbarilor-de-clima-si-sa-impiedicam-desertificarea\/","title":{"rendered":"Mircea Fechet, mesaj de Ziua P\u0103durilor: \u201dCele aproape 8.000 hectare noi de p\u0103dure ne vor ajuta s\u0103 lupt\u0103m cu efectele schimb\u0103rilor de clim\u0103 \u015fi s\u0103 \u00eempiedic\u0103m de\u015fertificarea\u201e"},"content":{"rendered":"<p>\u201dE Ziua Interna\u0163ional\u0103 a P\u0103durilor \u015fi cel mai frumos mod \u00een care o putem s\u0103rb\u0103tori este prin \u00eemp\u0103duriri record. Cu milioane de puie\u0163i planta\u0163i \u00een toat\u0103 \u0163ara, prin proiecte de \u00eemp\u0103duriri finan\u0163ate din Planul Na\u0163ional de Redresare \u015fi Rezilien\u0163\u0103 (PNRR), \u00eembog\u0103\u0163im zestrea verde a Rom\u00e2niei \u015fi ne asigur\u0103m c\u0103 investim \u00een s\u0103n\u0103tatea mediului, \u00een economia verde \u015fi \u00een calitatea vie\u0163ii noastre \u015fi a genera\u0163iilor care vin din urm\u0103\u201d, a scris, vineri, pe Facebook, Mircea Fechet.<\/p>\n<p>Acesta afirm\u0103 c\u0103 cele aproape 8.000 hectare noi de p\u0103dure, prin contractele semnate deja la Ministerul Mediului, \u201dne vor ajuta s\u0103 lupt\u0103m cu efectele schimb\u0103rilor de clim\u0103 \u015fi s\u0103 \u00eempiedic\u0103m de\u015fertificarea \u00een zone precum Sahara Olteniei (jude\u0163ul Dolj), acolo unde am dat deja startul Lunii Plant\u0103rii Arborilor\u201d.<\/p>\n<p>\u201dP\u0103durile sunt sursa noastr\u0103 de via\u0163\u0103 \u015fi energie, dar \u015fi de prosperitate, iar tema din acest an a Zilei Interna\u0163ionale a P\u0103durilor, \u00abP\u0103durile \u015fi alimentele\u00bb, vine s\u0103 ne reaminteasc\u0103 despre rolul acestora \u00een ceea ce prive\u015fte securitatea alimentar\u0103, nutri\u0163ia \u015fi mijloacele de trai.<\/p>\n<p>Avem, a\u015fadar, obliga\u0163ia s\u0103 privim p\u0103durile noastre cu recuno\u015ftin\u0163\u0103 \u015fi responsabilitate, \u015fi fiecare arbore, ca pe un exemplu de curaj \u015fi de rezisten\u0163\u0103. De la Stejarul \u00cengenuncheat din P\u0103durea Caraorman, care a crescut cu ramurile culcate pe p\u0103m\u00e2nt, p\u00e2n\u0103 la cel mai \u00eenalt brad care vegheaz\u0103 Rom\u00e2nia de pe Mun\u0163ii Carpa\u0163i, fiecare arbore are de spus o poveste\u201d, a mai transmis ministrul.<\/p>\n<p>Acesta a afirmat c\u0103 a dorit ca, prin proiectul pentru noul Cod Silvic, s\u0103 avem acces liber \u00een p\u0103dure, la pas sau cu bicicleta, \u015fi s\u0103 ne bucur\u0103m de pove\u015ftile care se scriu \u00een lini\u015ftea din mijlocul p\u0103durilor.<\/p>\n<p>\u201dV\u0103 invit ca ast\u0103zi, oriunde v\u0103 afla\u0163i, s\u0103 v\u0103 face\u0163i timp pentru o plimbare \u00een p\u0103dure! Beneficiile sunt garantate. V\u0103 a\u015ftept s\u0103 \u00eemi trimite\u0163i \u015fi fotografii \u00een comentarii\u201d, a mai transmis ministrul.<\/p>","protected":false},"excerpt":{"rendered":"<p>\u201dE Ziua Interna\u0163ional\u0103 a P\u0103durilor \u015fi cel mai frumos mod \u00een care o putem s\u0103rb\u0103tori&hellip;<\/p>\n","protected":false},"author":0,"featured_media":41411,"comment_status":"open","ping_status":"open","sticky":false,"template":"","format":"standard","meta":{"footnotes":""},"categories":[2],"tags":[],"class_list":["post-41417","post","type-post","status-publish","format-standard","has-post-thumbnail","hentry","category-actual"],"_links":{"self":[{"href":"https:\/\/247stiri.ro\/index.php\/wp-json\/wp\/v2\/posts\/41417","targetHints":{"allow":["GET"]}}],"collection":[{"href":"https:\/\/247stiri.ro\/index.php\/wp-json\/wp\/v2\/posts"}],"about":[{"href":"https:\/\/247stiri.ro\/index.php\/wp-json\/wp\/v2\/types\/post"}],"replies":[{"embeddable":true,"href":"https:\/\/247stiri.ro\/index.php\/wp-json\/wp\/v2\/comments?post=41417"}],"version-history":[{"count":0,"href":"https:\/\/247stiri.ro\/index.php\/wp-json\/wp\/v2\/posts\/41417\/revisions"}],"wp:featuredmedia":[{"embeddable":true,"href":"https:\/\/247stiri.ro\/index.php\/wp-json\/wp\/v2\/media\/41411"}],"wp:attachment":[{"href":"https:\/\/247stiri.ro\/index.php\/wp-json\/wp\/v2\/media?parent=41417"}],"wp:term":[{"taxonomy":"category","embeddable":true,"href":"https:\/\/247stiri.ro\/index.php\/wp-json\/wp\/v2\/categories?post=41417"},{"taxonomy":"post_tag","embeddable":true,"href":"https:\/\/247stiri.ro\/index.php\/wp-json\/wp\/v2\/tags?post=41417"}],"curies":[{"name":"wp","href":"https:\/\/api.w.org\/{rel}","templated":true}]}}