{"id":41429,"date":"2025-03-21T18:45:54","date_gmt":"2025-03-21T18:45:54","guid":{"rendered":"https:\/\/247stiri.ro\/index.php\/2025\/03\/21\/bogdan-peschir-a-fost-arestat-preventiv-avocatii-lui-bogpr-au-formulat-deja-contestatie\/"},"modified":"2025-03-21T18:45:54","modified_gmt":"2025-03-21T18:45:54","slug":"bogdan-peschir-a-fost-arestat-preventiv-avocatii-lui-bogpr-au-formulat-deja-contestatie","status":"publish","type":"post","link":"https:\/\/247stiri.ro\/index.php\/2025\/03\/21\/bogdan-peschir-a-fost-arestat-preventiv-avocatii-lui-bogpr-au-formulat-deja-contestatie\/","title":{"rendered":"Bogdan Pe\u0219chir a fost arestat preventiv. Avoca\u021bii lui \u201ebogPr\u201d au formulat deja contesta\u021bie"},"content":{"rendered":"<p>Procurorii de la Parchetul General au f\u0103cut, joi, 17 perchezi\u021bii domiciliare \u00een municipiul Bucure\u0219ti \u0219i \u00een jude\u021bele Bra\u0219ov, Boto\u0219ani, C\u0103l\u0103ra\u0219i, Dolj, Gala\u021bi, Giurgiu, Maramure\u0219, Mure\u0219 \u0219i Timi\u0219.<\/p>\n<p>Ac\u021biunile au vizat locuin\u021bele mai multor influenceri care sunt acuza\u021bi de procurori de coruperea aleg\u0103torilor, potrivit comunicatului Parchetului General.<\/p>\n<p>Printre persoanele vizate de perchezi\u021bii s-a num\u0103rat \u0219i Bogdan Pe\u0219chir, \u0219i Makaveli, influenceri care l-au promovat online pe C\u0103lin Georgescu \u00een campania electoral\u0103 din 2024. Un alt influencer vizat este Alin Borcan, din Timi\u0219.<\/p>\n<p><a href=\"https:\/\/www.realitatea.net\/stiri\/actual\/bogdan-peschir-cercetat-ca-inculpat-suspect-dupa-audieri-maraton-avocat-anchetatorii-nau-putut-explica-foarte-clar-de-ce-este-acuzat_67dd616ec40ccc4f7c18bff2\" target=\"_blank\">Bogdan Pe\u0219chir, cercetat ca INCULPAT dup\u0103 audieri maraton. Omul de afaceri va depune pl\u00e2ngere la CEDO, pentru c\u0103 a fost umilit -VIDEO<\/a><\/p>\n<p>Bogdan Pe\u0219chir are calitate de suspect \u00eentr-un nou dosar care-l vizeaz\u0103 pe omul de afaceri din Bra\u0219ov, \u00een leg\u0103tur\u0103 cu finan\u021barea campaniei electorale a lui C\u0103lin Georgescu. Joi sear\u0103 influencerul a fost umilit \u00een fa\u021ba presei, potrivit Realitatea Plus, c\u00e2nd i s-a cerut s\u0103-\u0219i dea jos \u0219apca \u0219i masca, pe motiv c\u0103 trebuie s\u0103 se identifice.<\/p>\n<p>Cristian S\u00e2rbu, avocatul lui BogPR, a precizat c\u0103 \u00een urma audierilor, clientul s\u0103u a dat o declara\u021bie, de aceast\u0103 dat\u0103 \u00een calitate de inculpat, \u00een care a precizat acelea\u0219i aspecte. Pe de alt\u0103 parte, Bogdan Pe\u0219chir va depune pl\u00e2ngere la CEDO dup\u0103 abuzul la care a fost supus.\u00a0<\/p>","protected":false},"excerpt":{"rendered":"<p>Procurorii de la Parchetul General au f\u0103cut, joi, 17 perchezi\u021bii domiciliare \u00een municipiul Bucure\u0219ti \u0219i&hellip;<\/p>\n","protected":false},"author":0,"featured_media":41430,"comment_status":"open","ping_status":"open","sticky":false,"template":"","format":"standard","meta":{"footnotes":""},"categories":[2],"tags":[],"class_list":["post-41429","post","type-post","status-publish","format-standard","has-post-thumbnail","hentry","category-actual"],"_links":{"self":[{"href":"https:\/\/247stiri.ro\/index.php\/wp-json\/wp\/v2\/posts\/41429","targetHints":{"allow":["GET"]}}],"collection":[{"href":"https:\/\/247stiri.ro\/index.php\/wp-json\/wp\/v2\/posts"}],"about":[{"href":"https:\/\/247stiri.ro\/index.php\/wp-json\/wp\/v2\/types\/post"}],"replies":[{"embeddable":true,"href":"https:\/\/247stiri.ro\/index.php\/wp-json\/wp\/v2\/comments?post=41429"}],"version-history":[{"count":0,"href":"https:\/\/247stiri.ro\/index.php\/wp-json\/wp\/v2\/posts\/41429\/revisions"}],"wp:featuredmedia":[{"embeddable":true,"href":"https:\/\/247stiri.ro\/index.php\/wp-json\/wp\/v2\/media\/41430"}],"wp:attachment":[{"href":"https:\/\/247stiri.ro\/index.php\/wp-json\/wp\/v2\/media?parent=41429"}],"wp:term":[{"taxonomy":"category","embeddable":true,"href":"https:\/\/247stiri.ro\/index.php\/wp-json\/wp\/v2\/categories?post=41429"},{"taxonomy":"post_tag","embeddable":true,"href":"https:\/\/247stiri.ro\/index.php\/wp-json\/wp\/v2\/tags?post=41429"}],"curies":[{"name":"wp","href":"https:\/\/api.w.org\/{rel}","templated":true}]}}