{"id":4143,"date":"2024-11-03T15:44:49","date_gmt":"2024-11-03T15:44:49","guid":{"rendered":"https:\/\/247stiri.ro\/index.php\/2024\/11\/03\/o-noua-statiune-cu-bai-sarate-isi-face-aparitia-in-romania-primarul-crede-ca-va-atrage-mii-de-vizitatori-anual\/"},"modified":"2024-11-03T15:44:49","modified_gmt":"2024-11-03T15:44:49","slug":"o-noua-statiune-cu-bai-sarate-isi-face-aparitia-in-romania-primarul-crede-ca-va-atrage-mii-de-vizitatori-anual","status":"publish","type":"post","link":"https:\/\/247stiri.ro\/index.php\/2024\/11\/03\/o-noua-statiune-cu-bai-sarate-isi-face-aparitia-in-romania-primarul-crede-ca-va-atrage-mii-de-vizitatori-anual\/","title":{"rendered":"O nou\u0103 sta\u021biune cu b\u0103i s\u0103rate \u00ee\u0219i face apari\u021bia \u00een Rom\u00e2nia. Primarul crede c\u0103 va atrage mii de vizitatori anual"},"content":{"rendered":"<p>La depunerea jur\u0103m\u00e2ntului s\u0103u pentru un nou mandat, primarul Dorel Pojar, a subliniat importan\u021ba acestui proiect, caracteriz\u00e2ndu-l drept \u201eun vis mai vechi, transformat \u00een realitate\u201d. Aceast\u0103 ini\u021biativ\u0103 nu doar c\u0103 promite s\u0103 atrag\u0103 vizitatori din \u00eentreaga \u021bar\u0103, dar are \u0219i poten\u021bialul de a revitaliza economia local\u0103, oferind at\u00e2t locuri de munc\u0103, c\u00e2t \u0219i oportunit\u0103\u021bi pentru dezvoltarea comunit\u0103\u021bii.<\/p>\n<p>Comuna Jucu \u00ee\u0219i propune s\u0103 dezvolte o sta\u021biune balneo-climateric\u0103, valorific\u00e2nd lacurile de ap\u0103 s\u0103rat\u0103 din zon\u0103, cu scopul de a aduce beneficii at\u00e2t turi\u0219tilor, c\u00e2t \u0219i economiei locale. A\u0219ezat\u0103 pe traseul Cluj-Napoca &#8211; Apahida &#8211; Cojocna &#8211; Jucu, sta\u021biunea va exploata resursele naturale ale lacurilor s\u0103rate, cunoscute pentru propriet\u0103\u021bile lor terapeutice.<\/p>\n<p>\u201eAm reu\u0219it s\u0103 ob\u021binem statutul de comun\u0103 turistic\u0103 de interes local \u0219i vrem s\u0103 facem din Jucu o sta\u021biune balneo-climateric\u0103. Am primit aceast\u0103 titulatur\u0103 datorit\u0103 lacurilor s\u0103rate din comun\u0103, iar acum a\u0219tept\u0103m fonduri pentru a realiza sta\u021biunea\u201d, a explicat primarul Dorel Pojar pentru Click!.<\/p>\n<p><a title=\"Imaginile dezastrului din Valencia. Vizita premierului si a regelui\" href=\"https:\/\/www.realitatea.net\/stiri\/extern\/imaginile-dezastrului-din-valencia-vizita-premierului-si-a-regelui_67277207fae2c3021a31ccb6\">Imaginile dezastrului din Valencia. Vizita premierului \u0219i a regelui<\/a><\/p>\n<p>Investi\u021biile necesare pentru dezvoltarea sta\u021biunii cu b\u0103i s\u0103rate vor proveni, \u00een principal, din fonduri europene sau guvernamentale. Primarul a subliniat c\u0103 bugetul local este direc\u021bionat spre proiecte esen\u021biale pentru comunitate, precum dezvoltarea infrastructurii rutiere, re\u021belele de ap\u0103 \u0219i canalizare \u0219i amenajarea de parcuri moderne pe malul Some\u0219ului.<\/p>\n<p>\u201e\u00cen ultimii patru ani, am f\u0103cut progrese semnificative \u00een modernizarea drumurilor, a serviciilor publice \u0219i \u00een dezvoltarea educa\u021biei. Aceste proiecte au transformat Jucu \u00eentr-un loc mai bun pentru noi to\u021bi\u201d, a declarat Pojar, ad\u0103ug\u00e2nd c\u0103 obiectivul s\u0103u este s\u0103 fac\u0103 din Jucu \u201eun loc unde s\u0103 vrei s\u0103 vii, dar mai ales un loc din care s\u0103 nu-\u021bi dore\u0219ti s\u0103 pleci\u201d.<\/p>\n<p>Sta\u021biunea cu b\u0103i s\u0103rate din Jucu ar urma s\u0103 fie o alternativ\u0103 accesibil\u0103 pentru turi\u0219tii care caut\u0103 relaxare \u0219i tratamente balneare aproape de Cluj-Napoca. Amplasarea strategic\u0103 \u0219i facilit\u0103\u021bile moderne ar putea atrage mii de vizitatori anual, contribuind la dezvoltarea localit\u0103\u021bii \u0219i promovarea sa ca destina\u021bie turistic\u0103 de top.<\/p>\n<p>\u201eAst\u0103zi am deschis un nou capitol \u00een istoria comunei noastre. Sper\u0103m ca acest drum s\u0103 fie plin de realiz\u0103ri \u0219i progres. Vom continua s\u0103 investim \u00een tinerii din Jucu, cre\u00e2nd parcuri \u0219i locuri de relaxare moderne, \u0219i, cu sprijinul cet\u0103\u021benilor, ne dorim s\u0103 construim o sta\u021biune balnear\u0103\u201d, a ad\u0103ugat primarul Pojar.<\/p>\n<p>Proiectul pentru sta\u021biunea cu b\u0103i s\u0103rate reprezint\u0103 o oportunitate important\u0103 pentru comuna Jucu \u0219i pentru \u00eentreg jude\u021bul Cluj, propuls\u00e2nd zona pe harta turismului balnear din Rom\u00e2nia. Astfel, Jucu se preg\u0103te\u0219te s\u0103 devin\u0103 un loc de referin\u021b\u0103 pentru cei care caut\u0103 o experien\u021b\u0103 de relaxare aproape de ora\u0219, o destina\u021bie unde confortul \u0219i natura se \u00eent\u00e2lnesc pentru a crea o oaz\u0103 de lini\u0219te \u0219i tratament.<\/p>\n<p><a title=\"Prima declaratie a Maiei Sandu, dupa iesirea de la urne. Ce a transmis candidatul proeuropean la alegerile prezidentiale din Republica Moldova \" href=\"https:\/\/www.realitatea.net\/stiri\/actual\/prima-declaratie-a-maiei-sandu-dupa-iesirea-de-la-urne-ce_672754c7abafac651a739ce7\">Prima declara\u021bie a Maiei Sandu, dup\u0103 ie\u0219irea de la urne. Ce a transmis candidatul proeuropean la alegerile preziden\u021biale din Republica Moldova<\/a><\/p>","protected":false},"excerpt":{"rendered":"<p>La depunerea jur\u0103m\u00e2ntului s\u0103u pentru un nou mandat, primarul Dorel Pojar, a subliniat importan\u021ba acestui&hellip;<\/p>\n","protected":false},"author":0,"featured_media":4125,"comment_status":"open","ping_status":"open","sticky":false,"template":"","format":"standard","meta":{"footnotes":""},"categories":[2],"tags":[],"class_list":["post-4143","post","type-post","status-publish","format-standard","has-post-thumbnail","hentry","category-actual"],"_links":{"self":[{"href":"https:\/\/247stiri.ro\/index.php\/wp-json\/wp\/v2\/posts\/4143","targetHints":{"allow":["GET"]}}],"collection":[{"href":"https:\/\/247stiri.ro\/index.php\/wp-json\/wp\/v2\/posts"}],"about":[{"href":"https:\/\/247stiri.ro\/index.php\/wp-json\/wp\/v2\/types\/post"}],"replies":[{"embeddable":true,"href":"https:\/\/247stiri.ro\/index.php\/wp-json\/wp\/v2\/comments?post=4143"}],"version-history":[{"count":0,"href":"https:\/\/247stiri.ro\/index.php\/wp-json\/wp\/v2\/posts\/4143\/revisions"}],"wp:featuredmedia":[{"embeddable":true,"href":"https:\/\/247stiri.ro\/index.php\/wp-json\/wp\/v2\/media\/4125"}],"wp:attachment":[{"href":"https:\/\/247stiri.ro\/index.php\/wp-json\/wp\/v2\/media?parent=4143"}],"wp:term":[{"taxonomy":"category","embeddable":true,"href":"https:\/\/247stiri.ro\/index.php\/wp-json\/wp\/v2\/categories?post=4143"},{"taxonomy":"post_tag","embeddable":true,"href":"https:\/\/247stiri.ro\/index.php\/wp-json\/wp\/v2\/tags?post=4143"}],"curies":[{"name":"wp","href":"https:\/\/api.w.org\/{rel}","templated":true}]}}