{"id":41432,"date":"2025-03-21T18:45:55","date_gmt":"2025-03-21T18:45:55","guid":{"rendered":"https:\/\/247stiri.ro\/index.php\/2025\/03\/21\/focar-de-infectie-la-spitalul-judetean-constanta-subsolul-unitatii-medicale-plin-de-sobolani-morti-gunoaie-si-infiltratii\/"},"modified":"2025-03-21T18:45:55","modified_gmt":"2025-03-21T18:45:55","slug":"focar-de-infectie-la-spitalul-judetean-constanta-subsolul-unitatii-medicale-plin-de-sobolani-morti-gunoaie-si-infiltratii","status":"publish","type":"post","link":"https:\/\/247stiri.ro\/index.php\/2025\/03\/21\/focar-de-infectie-la-spitalul-judetean-constanta-subsolul-unitatii-medicale-plin-de-sobolani-morti-gunoaie-si-infiltratii\/","title":{"rendered":"Focar de infec\u021bie la Spitalul Jude\u021bean Constan\u021ba! Subsolul unit\u0103\u021bii medicale, plin de \u0219obolani mor\u021bi, gunoaie \u0219i infiltra\u021bii"},"content":{"rendered":"<p>Sub sec\u021biile unde sunt trata\u021bi bolnavii au fost g\u0103site cantit\u0103\u021bi mari de ap\u0103 rezidual\u0103, \u0219obolani mor\u021bi, dar \u0219i de\u0219euri care se pare c\u0103 zac acolo de ani buni.\u00a0<\/p>\n<p>Descoperirea \u0219ocant\u0103 a fost f\u0103cut\u0103 \u00een urm\u0103 cu c\u00e2teva zile, dup\u0103 ce medicii din spital au semnalat existen\u021ba unui miros puternic \u0219i greu de suportat. \u00cen urma acestui incident, \u0219eful Serviciului administrativ \u0219i-a dat demisia.<\/p>\n<p>\u201dAm avut curajul s\u0103 cobor\u00e2m un pic \u0219i ne-am \u00eengrozit. \u0218obolani mor\u021bi, vii, resturi, \u021bevi colmatate, sparte. Focar de infec\u021bie\u201d, a declarat Raluca Vericeanu, manager, Spitalul Jude\u0163ean Constan\u0163a, la TVR.\u00a0<\/p>\n<p>\u00cen prezent, a fost dispus\u0103 o expertiz\u0103 deoarece cantitatea mare de ap\u0103 ar fi putut afecta structura de rezisten\u021b\u0103 a <a href=\"https:\/\/www.realitatea.net\/stiri\/actual\/spaga-din-spitale-in-atentia-parlamentului-decizia-majora-care-transforma-banii-negri_67db155178b33402300d99a2\" target=\"_blank\">spitalului.<\/a><\/p>\n<p>\u201dSunt st\u00e2lpi de sus\u021binere \u00een tot subsolul spitalului. S\u0103 vedem dac\u0103 acea ap\u0103, nu \u0219tiu c\u00e2t a fost acolo, c\u0103 a stat un an, c\u0103 a stat doi, c\u0103 a stat 3\u201d, a spus, la r\u00e2ndul s\u0103u, florin Mitroi, pre\u015fedinte, Consiliul Judea\u0163ean Constan\u0163a.\u00a0<\/p>","protected":false},"excerpt":{"rendered":"<p>Sub sec\u021biile unde sunt trata\u021bi bolnavii au fost g\u0103site cantit\u0103\u021bi mari de ap\u0103 rezidual\u0103, \u0219obolani&hellip;<\/p>\n","protected":false},"author":0,"featured_media":41433,"comment_status":"open","ping_status":"open","sticky":false,"template":"","format":"standard","meta":{"footnotes":""},"categories":[2],"tags":[],"class_list":["post-41432","post","type-post","status-publish","format-standard","has-post-thumbnail","hentry","category-actual"],"_links":{"self":[{"href":"https:\/\/247stiri.ro\/index.php\/wp-json\/wp\/v2\/posts\/41432","targetHints":{"allow":["GET"]}}],"collection":[{"href":"https:\/\/247stiri.ro\/index.php\/wp-json\/wp\/v2\/posts"}],"about":[{"href":"https:\/\/247stiri.ro\/index.php\/wp-json\/wp\/v2\/types\/post"}],"replies":[{"embeddable":true,"href":"https:\/\/247stiri.ro\/index.php\/wp-json\/wp\/v2\/comments?post=41432"}],"version-history":[{"count":0,"href":"https:\/\/247stiri.ro\/index.php\/wp-json\/wp\/v2\/posts\/41432\/revisions"}],"wp:featuredmedia":[{"embeddable":true,"href":"https:\/\/247stiri.ro\/index.php\/wp-json\/wp\/v2\/media\/41433"}],"wp:attachment":[{"href":"https:\/\/247stiri.ro\/index.php\/wp-json\/wp\/v2\/media?parent=41432"}],"wp:term":[{"taxonomy":"category","embeddable":true,"href":"https:\/\/247stiri.ro\/index.php\/wp-json\/wp\/v2\/categories?post=41432"},{"taxonomy":"post_tag","embeddable":true,"href":"https:\/\/247stiri.ro\/index.php\/wp-json\/wp\/v2\/tags?post=41432"}],"curies":[{"name":"wp","href":"https:\/\/api.w.org\/{rel}","templated":true}]}}