{"id":41440,"date":"2025-03-21T19:46:26","date_gmt":"2025-03-21T19:46:26","guid":{"rendered":"https:\/\/247stiri.ro\/index.php\/2025\/03\/21\/accident-grav-in-ilfov-o-masina-a-pierdut-controlul-asupra-directiei-de-mers-si-a-lovit-o-masina-oprita-soferul-era-baut\/"},"modified":"2025-03-21T19:46:26","modified_gmt":"2025-03-21T19:46:26","slug":"accident-grav-in-ilfov-o-masina-a-pierdut-controlul-asupra-directiei-de-mers-si-a-lovit-o-masina-oprita-soferul-era-baut","status":"publish","type":"post","link":"https:\/\/247stiri.ro\/index.php\/2025\/03\/21\/accident-grav-in-ilfov-o-masina-a-pierdut-controlul-asupra-directiei-de-mers-si-a-lovit-o-masina-oprita-soferul-era-baut\/","title":{"rendered":"Accident grav \u00een Ilfov. O ma\u015fin\u0103 a pierdut controlul asupra direc\u0163iei de mers \u0219i a lovit o ma\u015fin\u0103 oprit\u0103. \u0218oferul era b\u0103ut"},"content":{"rendered":"<p>\u201dLa data de 21 martie a.c., \u00een jurul orei 15:30, \u00een timp ce se aflau \u00een exercitarea atribu\u0163iilor de serviciu, poli\u0163i\u015ftii rutieri din cadrul Poli\u0163iei Ora\u015fului Bragadiru au observat \u00een trafic, pe DN6, un autoturism condus de o persoan\u0103, care a pierdut controlul asupra direc\u0163iei de mers, ulterior acesta p\u0103r\u0103sind partea carosabil\u0103 \u015fi acro\u015f\u00e2nd un autoturism care se afla oprit. Din verific\u0103rile efectuate de politi\u015ftii prezen\u0163i la fa\u0163a locului, conduc\u0103torul auto a fost identificat ca fiind un b\u0103rbat de 49 de ani\u201d, a transmis, vineri sear\u0103, IPJ Ilfov.<\/p>\n<p>Sursa citat\u0103 a rpecizat c\u0103 poli\u0163istii au testat \u015foferul, stabilind c\u0103 are o concentra\u0163ie de 2,16 mg\/l alcool pur \u00een aerul expirat.<\/p>\n<p>\u201dB\u0103rbatul a fost condus la o unitate medical\u0103 pentru prelevarea probelor biologice, conform actelor normative \u00een vigoare\u201d, a mai transmis sursa citat\u0103.<\/p>\n<p>A fost deschis un dosar de urm\u0103rire penal\u0103 in care se efectueaz\u0103 cercet\u0103ri sub aspectul s\u0103v\u00e2r\u015fii infrac\u0163iunii de \u201cconducerea unui vehicul sub influen\u0163a alcoolului&#8221;, urm\u0103rirea penal\u0103 fiind efectuat\u0103 sub supravegherea procurorului de caz din cadrul Parchetului de pe l\u00e2ng\u0103 Judec\u0103toria Cornetu.<\/p>","protected":false},"excerpt":{"rendered":"<p>\u201dLa data de 21 martie a.c., \u00een jurul orei 15:30, \u00een timp ce se aflau&hellip;<\/p>\n","protected":false},"author":0,"featured_media":41441,"comment_status":"open","ping_status":"open","sticky":false,"template":"","format":"standard","meta":{"footnotes":""},"categories":[2],"tags":[],"class_list":["post-41440","post","type-post","status-publish","format-standard","has-post-thumbnail","hentry","category-actual"],"_links":{"self":[{"href":"https:\/\/247stiri.ro\/index.php\/wp-json\/wp\/v2\/posts\/41440","targetHints":{"allow":["GET"]}}],"collection":[{"href":"https:\/\/247stiri.ro\/index.php\/wp-json\/wp\/v2\/posts"}],"about":[{"href":"https:\/\/247stiri.ro\/index.php\/wp-json\/wp\/v2\/types\/post"}],"replies":[{"embeddable":true,"href":"https:\/\/247stiri.ro\/index.php\/wp-json\/wp\/v2\/comments?post=41440"}],"version-history":[{"count":0,"href":"https:\/\/247stiri.ro\/index.php\/wp-json\/wp\/v2\/posts\/41440\/revisions"}],"wp:featuredmedia":[{"embeddable":true,"href":"https:\/\/247stiri.ro\/index.php\/wp-json\/wp\/v2\/media\/41441"}],"wp:attachment":[{"href":"https:\/\/247stiri.ro\/index.php\/wp-json\/wp\/v2\/media?parent=41440"}],"wp:term":[{"taxonomy":"category","embeddable":true,"href":"https:\/\/247stiri.ro\/index.php\/wp-json\/wp\/v2\/categories?post=41440"},{"taxonomy":"post_tag","embeddable":true,"href":"https:\/\/247stiri.ro\/index.php\/wp-json\/wp\/v2\/tags?post=41440"}],"curies":[{"name":"wp","href":"https:\/\/api.w.org\/{rel}","templated":true}]}}