{"id":41460,"date":"2025-03-21T20:46:05","date_gmt":"2025-03-21T20:46:05","guid":{"rendered":"https:\/\/247stiri.ro\/index.php\/2025\/03\/21\/consilierul-pe-probleme-de-securitate-al-lui-putin-intalnire-cu-kim-jong-un-discutia-a-avut-ca-tema-principala-ucraina\/"},"modified":"2025-03-21T20:46:05","modified_gmt":"2025-03-21T20:46:05","slug":"consilierul-pe-probleme-de-securitate-al-lui-putin-intalnire-cu-kim-jong-un-discutia-a-avut-ca-tema-principala-ucraina","status":"publish","type":"post","link":"https:\/\/247stiri.ro\/index.php\/2025\/03\/21\/consilierul-pe-probleme-de-securitate-al-lui-putin-intalnire-cu-kim-jong-un-discutia-a-avut-ca-tema-principala-ucraina\/","title":{"rendered":"Consilierul pe probleme de securitate al lui Putin, \u00eent\u00e2lnire cu Kim Jong Un. Discu\u021bia a avut ca tem\u0103 principal\u0103 Ucraina"},"content":{"rendered":"<p>\u015eoigu, fost ministru al ap\u0103r\u0103rii, a declarat c\u0103 discu\u0163iile sale cu Kim au fost lungi \u015fi au durat mai mult de dou\u0103 ore, potrivit TASS.<\/p>\n<p>Dialogul dintre Rusia \u015fi Statele Unite a fost un alt subiect discutat cu Kim, a precizat \u015eoigu.<\/p>\n<p>Oficialii americani, ucraineni \u015fi sud-coreeni au declarat c\u0103 Coreea de Nord a desf\u0103\u015furat peste 10.000 de solda\u0163i care au fost trimi\u015fi \u00een lupt\u0103 \u00een regiunea Kursk din estul Rusiei \u015fi, de asemenea, a expediat Moscovei arme grele, inclusiv artilerie \u015fi rachete balistice. \u00cen schimb, Coreea de Nord a primit probabil tehnologie militar\u0103 \u015fi civil\u0103 \u015fi asisten\u0163\u0103 economic\u0103 din partea Moscovei.<\/p>\n<p>Moscova \u015fi Phenianul au respins ini\u0163ial rapoartele privind desf\u0103\u015furarea trupelor nord-coreene, dar \u00een octombrie 2024 Putin nu a negat c\u0103 solda\u0163ii Phenianului se afl\u0103 \u00een Rusia, iar un oficial nord-coreean a declarat c\u0103 orice astfel de mi\u015fcare ar fi legal\u0103.<\/p>\n<p>Anul trecut, Rusia \u015fi Coreea de Nord au semnat un tratat istoric care include o clauz\u0103 de ap\u0103rare reciproc\u0103.<\/p>","protected":false},"excerpt":{"rendered":"<p>\u015eoigu, fost ministru al ap\u0103r\u0103rii, a declarat c\u0103 discu\u0163iile sale cu Kim au fost lungi&hellip;<\/p>\n","protected":false},"author":0,"featured_media":41448,"comment_status":"open","ping_status":"open","sticky":false,"template":"","format":"standard","meta":{"footnotes":""},"categories":[2],"tags":[],"class_list":["post-41460","post","type-post","status-publish","format-standard","has-post-thumbnail","hentry","category-actual"],"_links":{"self":[{"href":"https:\/\/247stiri.ro\/index.php\/wp-json\/wp\/v2\/posts\/41460","targetHints":{"allow":["GET"]}}],"collection":[{"href":"https:\/\/247stiri.ro\/index.php\/wp-json\/wp\/v2\/posts"}],"about":[{"href":"https:\/\/247stiri.ro\/index.php\/wp-json\/wp\/v2\/types\/post"}],"replies":[{"embeddable":true,"href":"https:\/\/247stiri.ro\/index.php\/wp-json\/wp\/v2\/comments?post=41460"}],"version-history":[{"count":0,"href":"https:\/\/247stiri.ro\/index.php\/wp-json\/wp\/v2\/posts\/41460\/revisions"}],"wp:featuredmedia":[{"embeddable":true,"href":"https:\/\/247stiri.ro\/index.php\/wp-json\/wp\/v2\/media\/41448"}],"wp:attachment":[{"href":"https:\/\/247stiri.ro\/index.php\/wp-json\/wp\/v2\/media?parent=41460"}],"wp:term":[{"taxonomy":"category","embeddable":true,"href":"https:\/\/247stiri.ro\/index.php\/wp-json\/wp\/v2\/categories?post=41460"},{"taxonomy":"post_tag","embeddable":true,"href":"https:\/\/247stiri.ro\/index.php\/wp-json\/wp\/v2\/tags?post=41460"}],"curies":[{"name":"wp","href":"https:\/\/api.w.org\/{rel}","templated":true}]}}