{"id":41468,"date":"2025-03-21T21:44:57","date_gmt":"2025-03-21T21:44:57","guid":{"rendered":"https:\/\/247stiri.ro\/index.php\/2025\/03\/21\/suferintele-inimaginabile-ale-copiilor-ucraineni-provocate-de-rusia-condamnate-de-onu\/"},"modified":"2025-03-21T21:44:57","modified_gmt":"2025-03-21T21:44:57","slug":"suferintele-inimaginabile-ale-copiilor-ucraineni-provocate-de-rusia-condamnate-de-onu","status":"publish","type":"post","link":"https:\/\/247stiri.ro\/index.php\/2025\/03\/21\/suferintele-inimaginabile-ale-copiilor-ucraineni-provocate-de-rusia-condamnate-de-onu\/","title":{"rendered":"Suferin\u021bele inimaginabile ale copiilor ucraineni provocate de Rusia, condamnate de ONU"},"content":{"rendered":"<p>\u201eDrepturile lor au fost subminate \u00een fiecare aspect al vie\u0163ii, l\u0103s\u00e2nd cicatrici ad\u00e2nci, at\u00e2t fizice, c\u00e2t \u015fi psihosociale\u201d, a declarat \u015feful ONU pentru drepturile omului, Volker Turk.<\/p>\n<p>\u201e\u00cen cele patru regiuni ale Ucrainei care au fost anexate ilegal de Federa\u0163ia Rus\u0103 \u00een 2022, copiii au fost deosebit de afecta\u0163i de \u00eenc\u0103lc\u0103ri ale legisla\u0163iei interna\u0163ionale privind drepturile omului, inclusiv execu\u0163ii sumare, deten\u0163ii arbitrare, violen\u0163\u0103 sexual\u0103 legat\u0103 de conflict, tortur\u0103 \u015fi rele tratamente\u201d, se arat\u0103 \u00een raport.<\/p>\n<p>Cinci b\u0103ie\u0163i \u015fi dou\u0103 fete au fost executa\u0163i sumar \u00een 2022 \u015fi 2023, raportul men\u0163ion\u00e2nd c\u0103 uciderea deliberat\u0103 a civililor este o crim\u0103 de r\u0103zboi \u015fi o \u00eenc\u0103lcare grav\u0103 a Conven\u0163iilor de la Geneva.<\/p>\n<p>Unii copii au fost nevoi\u0163i s\u0103 ia parte la antrenamente militar-patriotice, inclusiv s\u0103 c\u00e2nte imnul rusesc, \u015fi s\u0103 urmeze programa \u015fcolar\u0103 rus\u0103 &#8211; \u00eenc\u0103lc\u00e2ndu-se dreptul interna\u0163ional umanitar.<\/p>\n<p>Transferul a cel pu\u0163in 200 de copii \u00een interiorul teritoriului ocupat de Rusia \u015fi \u00een Rusia \u00eentre februarie 2022 \u015fi decembrie 2024 poate constitui o crim\u0103 de r\u0103zboi, se mai arat\u0103 \u00een raport.<\/p>\n<p>Moscova sus\u0163ine c\u0103 \u00een acest fel a protejat copiii vulnerabili dintr-o zon\u0103 de r\u0103zboi.<\/p>\n<p>Ucraina a calificat r\u0103pirile a zeci de mii de copii ai s\u0103i du\u015fi \u00een Rusia sau pe teritoriul ocupat de Rusia f\u0103r\u0103 consim\u0163\u0103m\u00e2ntul familiei sau al tutorilor drept o crim\u0103 de r\u0103zboi care corespunde defini\u0163iei genocidului din tratatul ONU.<\/p>","protected":false},"excerpt":{"rendered":"<p>\u201eDrepturile lor au fost subminate \u00een fiecare aspect al vie\u0163ii, l\u0103s\u00e2nd cicatrici ad\u00e2nci, at\u00e2t fizice,&hellip;<\/p>\n","protected":false},"author":0,"featured_media":41462,"comment_status":"open","ping_status":"open","sticky":false,"template":"","format":"standard","meta":{"footnotes":""},"categories":[2],"tags":[],"class_list":["post-41468","post","type-post","status-publish","format-standard","has-post-thumbnail","hentry","category-actual"],"_links":{"self":[{"href":"https:\/\/247stiri.ro\/index.php\/wp-json\/wp\/v2\/posts\/41468","targetHints":{"allow":["GET"]}}],"collection":[{"href":"https:\/\/247stiri.ro\/index.php\/wp-json\/wp\/v2\/posts"}],"about":[{"href":"https:\/\/247stiri.ro\/index.php\/wp-json\/wp\/v2\/types\/post"}],"replies":[{"embeddable":true,"href":"https:\/\/247stiri.ro\/index.php\/wp-json\/wp\/v2\/comments?post=41468"}],"version-history":[{"count":0,"href":"https:\/\/247stiri.ro\/index.php\/wp-json\/wp\/v2\/posts\/41468\/revisions"}],"wp:featuredmedia":[{"embeddable":true,"href":"https:\/\/247stiri.ro\/index.php\/wp-json\/wp\/v2\/media\/41462"}],"wp:attachment":[{"href":"https:\/\/247stiri.ro\/index.php\/wp-json\/wp\/v2\/media?parent=41468"}],"wp:term":[{"taxonomy":"category","embeddable":true,"href":"https:\/\/247stiri.ro\/index.php\/wp-json\/wp\/v2\/categories?post=41468"},{"taxonomy":"post_tag","embeddable":true,"href":"https:\/\/247stiri.ro\/index.php\/wp-json\/wp\/v2\/tags?post=41468"}],"curies":[{"name":"wp","href":"https:\/\/api.w.org\/{rel}","templated":true}]}}