{"id":41469,"date":"2025-03-21T21:44:57","date_gmt":"2025-03-21T21:44:57","guid":{"rendered":"https:\/\/247stiri.ro\/index.php\/2025\/03\/21\/un-cardinal-arunca-bomba-despre-starea-de-sanatate-a-papei-francisc-trebuie-sa-invete-din-nou-sa-vorbeasca-dupa-oxigenoterapie\/"},"modified":"2025-03-21T21:44:57","modified_gmt":"2025-03-21T21:44:57","slug":"un-cardinal-arunca-bomba-despre-starea-de-sanatate-a-papei-francisc-trebuie-sa-invete-din-nou-sa-vorbeasca-dupa-oxigenoterapie","status":"publish","type":"post","link":"https:\/\/247stiri.ro\/index.php\/2025\/03\/21\/un-cardinal-arunca-bomba-despre-starea-de-sanatate-a-papei-francisc-trebuie-sa-invete-din-nou-sa-vorbeasca-dupa-oxigenoterapie\/","title":{"rendered":"Un cardinal arunc\u0103 bomba despre starea de s\u0103n\u0103tate a Papei Francisc. \u201dTrebuie s\u0103 \u00eenve\u0163e din nou s\u0103 vorbeasc\u0103 dup\u0103 oxigenoterapie\u201d"},"content":{"rendered":"<p>Cardinalul, care este \u015feful biroului doctrinar al Vaticanului, a respins specula\u0163iile conform c\u0103rora suveranul pontif se va retrage \u015fi a declarat c\u0103 acesta \u00ee\u015fi revine.<\/p>\n<p>\u201ePapa se descurc\u0103 foarte bine, dar oxigenul cu flux mare usuc\u0103 totul. Trebuie s\u0103 \u00eenve\u0163e din nou s\u0103 vorbeasc\u0103, dar starea sa fizic\u0103 general\u0103 este ca \u00eenainte\u201d, a declart cardinalul Victor Manuel Fernandez, la prezentarea unei noi c\u0103r\u0163i a <a href=\"https:\/\/www.realitatea.net\/stiri\/actual\/papa-francisc-ramane-in-continuare-internat-in-spital-anuntul-de-ultima-ora-al-vaticanului_67db27f05c23a957910fe032\" target=\"_blank\">Papei Francisc<\/a> despre poezie.<\/p>\n<p>\u00cen v\u00e2rst\u0103 de 88 de ani, Suveranul Pontif este internat \u00een spital de cinci s\u0103pt\u0103m\u00e2ni, suferind de dubl\u0103 pneumonie. P\u00e2n\u0103 acum, Vaticanul a publicat doar o scurt\u0103 \u00eenregistrare audio cu el vorbind, pe 6 martie, c\u00e2nd vocea sa era \u00eentrerupt\u0103, f\u0103r\u0103 suflare \u015fi greu de \u00een\u0163eles.<\/p>\n<p>\u00cen ultima actualizare privind starea sa de s\u0103n\u0103tate, publicat\u0103 vineri,Vaticanul a transmis c\u0103 starea \u0219efului Bisericii Catolice a r\u0103mas stabil\u0103, cu \u201d\u00eembun\u0103t\u0103\u0163iri minore \u00een ceea ce prive\u015fte respira\u0163ia \u015fi mobilitatea\u201d.\u00a0<\/p>\n<p>Totodat\u0103, reprezentan\u021bii Sf\u00e2ntului Scaun au confirmat c\u0103 \u00eencep\u00e2nd de luni nu a mai fost folosit\u0103 ventila\u0163ia mecanic\u0103 pentru a-l ajuta s\u0103 respire noaptea, ci mai degrab\u0103 a primit oxigen prin intermediul unui mic furtun sub nas \u00een cea mai mare parte a timpului.<\/p>\n<p>Momentan, nu exist\u0103 nicio declara\u0163ie oficial\u0103 cu privire la momentul \u00een care sf\u00e2ntul p\u0103rinte \u00a0s-ar putea \u00eentoarce acas\u0103 la Vatican, iar cardinalul Fernandez a spus c\u0103 nu \u015ftie dac\u0103 va fi externat la timp pentru Pa\u015fte, care cade pe 20 aprilie.\u00a0<\/p>\n<p>\u201eS-ar putea \u00eentoarce, dar medicii vor s\u0103 fie 100% siguri, pentru c\u0103 el crede c\u0103, \u00een pu\u0163inul timp care i-a mai r\u0103mas, vrea s\u0103 se dedice \u00een \u00eentregime altora, nu lui \u00eensu\u015fi\u201d, a spus \u015feful biroului doctrinar al Vaticanului.\u00a0<\/p>\n<p>\u00centrebat dac\u0103 crede c\u0103 Francisc s-ar putea retrage, cardinalul Fernandez a spus: \u201eChiar nu cred, nu\u201d.<\/p>\n<p>\u00cen ultimii doi ani, Papa a avut mai multe probleme de s\u0103n\u0103tate \u015fi este predispus la infec\u0163ii pulmonare, deoarece a avut pleurezie \u00een tinere\u0163e \u015fi i s-a extirpat o parte dintr-un pl\u0103m\u00e2n.<\/p>","protected":false},"excerpt":{"rendered":"<p>Cardinalul, care este \u015feful biroului doctrinar al Vaticanului, a respins specula\u0163iile conform c\u0103rora suveranul pontif&hellip;<\/p>\n","protected":false},"author":0,"featured_media":0,"comment_status":"open","ping_status":"open","sticky":false,"template":"","format":"standard","meta":{"footnotes":""},"categories":[2],"tags":[],"class_list":["post-41469","post","type-post","status-publish","format-standard","hentry","category-actual"],"_links":{"self":[{"href":"https:\/\/247stiri.ro\/index.php\/wp-json\/wp\/v2\/posts\/41469","targetHints":{"allow":["GET"]}}],"collection":[{"href":"https:\/\/247stiri.ro\/index.php\/wp-json\/wp\/v2\/posts"}],"about":[{"href":"https:\/\/247stiri.ro\/index.php\/wp-json\/wp\/v2\/types\/post"}],"replies":[{"embeddable":true,"href":"https:\/\/247stiri.ro\/index.php\/wp-json\/wp\/v2\/comments?post=41469"}],"version-history":[{"count":0,"href":"https:\/\/247stiri.ro\/index.php\/wp-json\/wp\/v2\/posts\/41469\/revisions"}],"wp:attachment":[{"href":"https:\/\/247stiri.ro\/index.php\/wp-json\/wp\/v2\/media?parent=41469"}],"wp:term":[{"taxonomy":"category","embeddable":true,"href":"https:\/\/247stiri.ro\/index.php\/wp-json\/wp\/v2\/categories?post=41469"},{"taxonomy":"post_tag","embeddable":true,"href":"https:\/\/247stiri.ro\/index.php\/wp-json\/wp\/v2\/tags?post=41469"}],"curies":[{"name":"wp","href":"https:\/\/api.w.org\/{rel}","templated":true}]}}