{"id":41473,"date":"2025-03-21T21:44:59","date_gmt":"2025-03-21T21:44:59","guid":{"rendered":"https:\/\/247stiri.ro\/index.php\/2025\/03\/21\/nicusor-dan-dupa-intalnirea-secreta-cu-bolojan-mi-a-garantat-ca-alegerile-nu-vor-fi-viciate\/"},"modified":"2025-03-21T21:44:59","modified_gmt":"2025-03-21T21:44:59","slug":"nicusor-dan-dupa-intalnirea-secreta-cu-bolojan-mi-a-garantat-ca-alegerile-nu-vor-fi-viciate","status":"publish","type":"post","link":"https:\/\/247stiri.ro\/index.php\/2025\/03\/21\/nicusor-dan-dupa-intalnirea-secreta-cu-bolojan-mi-a-garantat-ca-alegerile-nu-vor-fi-viciate\/","title":{"rendered":"Nicu\u0219or Dan, dup\u0103 \u00eent\u00e2lnirea secret\u0103 cu Bolojan: \u201dMi-a garantat c\u0103 alegerile nu vor fi viciate\u201d"},"content":{"rendered":"<p>Nicu\u0219or Dan: Am discutat legat de garan\u021biile c\u0103 procesul \u0103sta electoral din mai n-o s\u0103 fie cumva viciat cum a fost cel din noiembrie.<\/p>\n<p>Reporter: Adic\u0103? v-a\u021bi \u00eent\u00e2lnit \u00een calitate de preziden\u021biabil sau \u00een calitate de primar general al capitalei?<\/p>\n<p>ND: \u00cen calitate de preziden\u021biabil<\/p>\n<p>R: C\u00e2nd a avut loc aceast\u0103 \u00eent\u00e2lnire? acum c\u00e2teva s\u0103pt\u0103m\u00e2ni \u0219i doar dumneavoastr\u0103 a\u021bi fost cu bolojan?<\/p>\n<p>ND: Da, da.<\/p>\n<p>R: A avut loc la Palatul Cotroceni?<\/p>\n<p>ND: A avut loc la Palatul Cotroceni, da.<\/p>\n<p>R: \u0218i a\u021bi fost doar dumneavoastr\u0103 \u0219i Ilie Bolojan? Niciun alt preziden\u021biabil?\u00a0<\/p>\n<p>ND: Da, i-am solicitat ni\u0219te \u00eentreb\u0103ri legate de procesul electoral care va fi \u00een mai<\/p>\n<p>R: V-a chemat el sau v-a\u021bi dus dumneavoastr\u0103, v-a\u021bi planificat o audien\u021b\u0103, cum a fost?<\/p>\n<p>ND: Nu-mi aduc aminte, cred c\u0103 i-am dat un mesaj pe Whatsapp, eu am fost cel care a solicitat, da.<\/p>\n<p>R: A\u021bi primit garan\u021bia c\u0103 nu va fi procesul viciat?<\/p>\n<p>ND: Da, a fost, da<\/p>\n<p>R: A fost o garan\u021bie verbal\u0103 sau v-a dat \u0219i elemente care s\u0103 ateste acest lucru?<\/p>\n<p>ND: Bine\u00een\u021beles c\u0103 am discutat de multe tehnicalit\u0103\u021bi \u0219i mi-a dat o garan\u021bie c\u0103 procesul va fi unul corect.<\/p>","protected":false},"excerpt":{"rendered":"<p>Nicu\u0219or Dan: Am discutat legat de garan\u021biile c\u0103 procesul \u0103sta electoral din mai n-o s\u0103&hellip;<\/p>\n","protected":false},"author":0,"featured_media":41467,"comment_status":"open","ping_status":"open","sticky":false,"template":"","format":"standard","meta":{"footnotes":""},"categories":[2],"tags":[],"class_list":["post-41473","post","type-post","status-publish","format-standard","has-post-thumbnail","hentry","category-actual"],"_links":{"self":[{"href":"https:\/\/247stiri.ro\/index.php\/wp-json\/wp\/v2\/posts\/41473","targetHints":{"allow":["GET"]}}],"collection":[{"href":"https:\/\/247stiri.ro\/index.php\/wp-json\/wp\/v2\/posts"}],"about":[{"href":"https:\/\/247stiri.ro\/index.php\/wp-json\/wp\/v2\/types\/post"}],"replies":[{"embeddable":true,"href":"https:\/\/247stiri.ro\/index.php\/wp-json\/wp\/v2\/comments?post=41473"}],"version-history":[{"count":0,"href":"https:\/\/247stiri.ro\/index.php\/wp-json\/wp\/v2\/posts\/41473\/revisions"}],"wp:featuredmedia":[{"embeddable":true,"href":"https:\/\/247stiri.ro\/index.php\/wp-json\/wp\/v2\/media\/41467"}],"wp:attachment":[{"href":"https:\/\/247stiri.ro\/index.php\/wp-json\/wp\/v2\/media?parent=41473"}],"wp:term":[{"taxonomy":"category","embeddable":true,"href":"https:\/\/247stiri.ro\/index.php\/wp-json\/wp\/v2\/categories?post=41473"},{"taxonomy":"post_tag","embeddable":true,"href":"https:\/\/247stiri.ro\/index.php\/wp-json\/wp\/v2\/tags?post=41473"}],"curies":[{"name":"wp","href":"https:\/\/api.w.org\/{rel}","templated":true}]}}