{"id":41502,"date":"2025-03-22T06:44:56","date_gmt":"2025-03-22T06:44:56","guid":{"rendered":"https:\/\/247stiri.ro\/index.php\/2025\/03\/22\/26-martie-romanii-din-tara-si-din-diaspora-sarbatoresc-in-strada-ziua-lui-calin-georgescu\/"},"modified":"2025-03-22T06:44:56","modified_gmt":"2025-03-22T06:44:56","slug":"26-martie-romanii-din-tara-si-din-diaspora-sarbatoresc-in-strada-ziua-lui-calin-georgescu","status":"publish","type":"post","link":"https:\/\/247stiri.ro\/index.php\/2025\/03\/22\/26-martie-romanii-din-tara-si-din-diaspora-sarbatoresc-in-strada-ziua-lui-calin-georgescu\/","title":{"rendered":"26 martie &#8211; rom\u00e2nii din \u021bar\u0103 \u0219i din diaspora s\u0103rb\u0103toresc \u00een strad\u0103 ziua lui C\u0103lin Georgescu"},"content":{"rendered":"<p>Oamenii sus\u021bin \u00een continuare c\u0103 \u00eel vor \u00een fruntea \u021b\u0103rii pe cel care a c\u00e2\u0219tigat primul tur de scrutin al alegerilor prezidentiale si care apoi a fost scos din joc de sistem.<\/p>\n<p>La manifesta\u021bie vor fi prezen\u021bi \u0219i George Simion, liderul suverani\u0219tilor, dar \u0219i Marius Tuc\u0103.<\/p>\n<p>Este mobilizare uria\u0219\u0103 \u0219i pe re\u021belele de socializare, acolo unde rom\u00e2ni din toate col\u021burile \u021b\u0103rii, dar \u0219i din diaspora au anun\u021bat c\u0103 vor fi prezen\u021bi \u00een Capital\u0103 pentru a-i face o surpriz\u0103 fostului candidat la preziden\u021biale votat \u00een num\u0103r at\u00e2t de mare \u00een primul tur.\u00a0<\/p>\n<p>\u00a0<\/p>","protected":false},"excerpt":{"rendered":"<p>Oamenii sus\u021bin \u00een continuare c\u0103 \u00eel vor \u00een fruntea \u021b\u0103rii pe cel care a c\u00e2\u0219tigat&hellip;<\/p>\n","protected":false},"author":0,"featured_media":41492,"comment_status":"open","ping_status":"open","sticky":false,"template":"","format":"standard","meta":{"footnotes":""},"categories":[2],"tags":[],"class_list":["post-41502","post","type-post","status-publish","format-standard","has-post-thumbnail","hentry","category-actual"],"_links":{"self":[{"href":"https:\/\/247stiri.ro\/index.php\/wp-json\/wp\/v2\/posts\/41502","targetHints":{"allow":["GET"]}}],"collection":[{"href":"https:\/\/247stiri.ro\/index.php\/wp-json\/wp\/v2\/posts"}],"about":[{"href":"https:\/\/247stiri.ro\/index.php\/wp-json\/wp\/v2\/types\/post"}],"replies":[{"embeddable":true,"href":"https:\/\/247stiri.ro\/index.php\/wp-json\/wp\/v2\/comments?post=41502"}],"version-history":[{"count":0,"href":"https:\/\/247stiri.ro\/index.php\/wp-json\/wp\/v2\/posts\/41502\/revisions"}],"wp:featuredmedia":[{"embeddable":true,"href":"https:\/\/247stiri.ro\/index.php\/wp-json\/wp\/v2\/media\/41492"}],"wp:attachment":[{"href":"https:\/\/247stiri.ro\/index.php\/wp-json\/wp\/v2\/media?parent=41502"}],"wp:term":[{"taxonomy":"category","embeddable":true,"href":"https:\/\/247stiri.ro\/index.php\/wp-json\/wp\/v2\/categories?post=41502"},{"taxonomy":"post_tag","embeddable":true,"href":"https:\/\/247stiri.ro\/index.php\/wp-json\/wp\/v2\/tags?post=41502"}],"curies":[{"name":"wp","href":"https:\/\/api.w.org\/{rel}","templated":true}]}}