{"id":41503,"date":"2025-03-22T06:44:57","date_gmt":"2025-03-22T06:44:57","guid":{"rendered":"https:\/\/247stiri.ro\/index.php\/2025\/03\/22\/hrebenciuc-imparte-functii-avocata-lui-gigi-becali-a-ajuns-prefect-in-ilfov-din-partea-psd\/"},"modified":"2025-03-22T06:44:57","modified_gmt":"2025-03-22T06:44:57","slug":"hrebenciuc-imparte-functii-avocata-lui-gigi-becali-a-ajuns-prefect-in-ilfov-din-partea-psd","status":"publish","type":"post","link":"https:\/\/247stiri.ro\/index.php\/2025\/03\/22\/hrebenciuc-imparte-functii-avocata-lui-gigi-becali-a-ajuns-prefect-in-ilfov-din-partea-psd\/","title":{"rendered":"Hrebenciuc \u00eemparte func\u021bii. Avocata lui Gigi Becali a ajuns prefect \u00een Ilfov din partea PSD"},"content":{"rendered":"<p>\u200bSimona Neculae, proasp\u0103t instalat\u0103 \u00een functia de prefect al jude\u021bului Ilfov recomandat\u0103 de PSD si \u00een urma unei decizii a Guvernului condus de Nicolae Ciuc\u0103 \u00een 2022, a fost anterior avocata lui Becali.<\/p>\n<p>Potrivit unor surse, aceast\u0103 numire ar fi fost facilitat\u0103 de Viorel Hrebenciuc, care are leg\u0103turi str\u00e2nse at\u00e2t cu PSD, c\u00e2t \u0219i cu Becali.<\/p>\n<p>Av\u00e2nd \u00een vedere aceste conexiuni, se speculeaz\u0103 c\u0103 numirea Simonei Neculae \u00een func\u021bia de prefect ar fi rezultat \u00een urma influen\u021bei lui Hrebenciuc care s-a folosit de rela\u021bia sa cu Becali pentru a promova persoane apropiate \u00een pozi\u021bii-cheie.\u200b<\/p>","protected":false},"excerpt":{"rendered":"<p>\u200bSimona Neculae, proasp\u0103t instalat\u0103 \u00een functia de prefect al jude\u021bului Ilfov recomandat\u0103 de PSD si&hellip;<\/p>\n","protected":false},"author":0,"featured_media":41494,"comment_status":"open","ping_status":"open","sticky":false,"template":"","format":"standard","meta":{"footnotes":""},"categories":[2],"tags":[],"class_list":["post-41503","post","type-post","status-publish","format-standard","has-post-thumbnail","hentry","category-actual"],"_links":{"self":[{"href":"https:\/\/247stiri.ro\/index.php\/wp-json\/wp\/v2\/posts\/41503","targetHints":{"allow":["GET"]}}],"collection":[{"href":"https:\/\/247stiri.ro\/index.php\/wp-json\/wp\/v2\/posts"}],"about":[{"href":"https:\/\/247stiri.ro\/index.php\/wp-json\/wp\/v2\/types\/post"}],"replies":[{"embeddable":true,"href":"https:\/\/247stiri.ro\/index.php\/wp-json\/wp\/v2\/comments?post=41503"}],"version-history":[{"count":0,"href":"https:\/\/247stiri.ro\/index.php\/wp-json\/wp\/v2\/posts\/41503\/revisions"}],"wp:featuredmedia":[{"embeddable":true,"href":"https:\/\/247stiri.ro\/index.php\/wp-json\/wp\/v2\/media\/41494"}],"wp:attachment":[{"href":"https:\/\/247stiri.ro\/index.php\/wp-json\/wp\/v2\/media?parent=41503"}],"wp:term":[{"taxonomy":"category","embeddable":true,"href":"https:\/\/247stiri.ro\/index.php\/wp-json\/wp\/v2\/categories?post=41503"},{"taxonomy":"post_tag","embeddable":true,"href":"https:\/\/247stiri.ro\/index.php\/wp-json\/wp\/v2\/tags?post=41503"}],"curies":[{"name":"wp","href":"https:\/\/api.w.org\/{rel}","templated":true}]}}