{"id":41506,"date":"2025-03-22T06:44:58","date_gmt":"2025-03-22T06:44:58","guid":{"rendered":"https:\/\/247stiri.ro\/index.php\/2025\/03\/22\/proteste-in-turcia-ciocniri-violente-intre-protestatari-si-politisti-scene-dramatice\/"},"modified":"2025-03-22T06:44:58","modified_gmt":"2025-03-22T06:44:58","slug":"proteste-in-turcia-ciocniri-violente-intre-protestatari-si-politisti-scene-dramatice","status":"publish","type":"post","link":"https:\/\/247stiri.ro\/index.php\/2025\/03\/22\/proteste-in-turcia-ciocniri-violente-intre-protestatari-si-politisti-scene-dramatice\/","title":{"rendered":"Proteste \u00een Turcia! Ciocniri violente \u00eentre protestatari \u0219i poli\u021bi\u0219ti, scene dramatice"},"content":{"rendered":"<p>Oamenii \u00eel sus\u021bin pe primarul ora\u0219ului din Istanbul, arestat miercurea aceasta pentru presupuse fapte de corup\u021bie \u0219i terorism.<\/p>\n<p>Politicianul ar fi urmat s\u0103 devin\u0103 principalul contracandidat al pre\u0219edintelui Erdogan.<\/p>\n<p>Protestele violente au avut loc at\u00e2t \u00een Istanbul, c\u00e2t \u0219i \u00een Izmir.<\/p>\n<p>Doar \u00een capitala Turciei s-au adunat peste 300.000 de manifestan\u021bi.<\/p>","protected":false},"excerpt":{"rendered":"<p>Oamenii \u00eel sus\u021bin pe primarul ora\u0219ului din Istanbul, arestat miercurea aceasta pentru presupuse fapte de&hellip;<\/p>\n","protected":false},"author":0,"featured_media":41486,"comment_status":"open","ping_status":"open","sticky":false,"template":"","format":"standard","meta":{"footnotes":""},"categories":[2],"tags":[],"class_list":["post-41506","post","type-post","status-publish","format-standard","has-post-thumbnail","hentry","category-actual"],"_links":{"self":[{"href":"https:\/\/247stiri.ro\/index.php\/wp-json\/wp\/v2\/posts\/41506","targetHints":{"allow":["GET"]}}],"collection":[{"href":"https:\/\/247stiri.ro\/index.php\/wp-json\/wp\/v2\/posts"}],"about":[{"href":"https:\/\/247stiri.ro\/index.php\/wp-json\/wp\/v2\/types\/post"}],"replies":[{"embeddable":true,"href":"https:\/\/247stiri.ro\/index.php\/wp-json\/wp\/v2\/comments?post=41506"}],"version-history":[{"count":0,"href":"https:\/\/247stiri.ro\/index.php\/wp-json\/wp\/v2\/posts\/41506\/revisions"}],"wp:featuredmedia":[{"embeddable":true,"href":"https:\/\/247stiri.ro\/index.php\/wp-json\/wp\/v2\/media\/41486"}],"wp:attachment":[{"href":"https:\/\/247stiri.ro\/index.php\/wp-json\/wp\/v2\/media?parent=41506"}],"wp:term":[{"taxonomy":"category","embeddable":true,"href":"https:\/\/247stiri.ro\/index.php\/wp-json\/wp\/v2\/categories?post=41506"},{"taxonomy":"post_tag","embeddable":true,"href":"https:\/\/247stiri.ro\/index.php\/wp-json\/wp\/v2\/tags?post=41506"}],"curies":[{"name":"wp","href":"https:\/\/api.w.org\/{rel}","templated":true}]}}