{"id":41532,"date":"2025-03-22T07:44:55","date_gmt":"2025-03-22T07:44:55","guid":{"rendered":"https:\/\/247stiri.ro\/index.php\/2025\/03\/22\/avocatii-lui-bogdan-peschir-vor-depune-plangere-penala-la-cedo-pentru-abuzul-politistilor-din-fata-sediului-igpr-a-fost-demascat-si-legitimat-public\/"},"modified":"2025-03-22T07:44:55","modified_gmt":"2025-03-22T07:44:55","slug":"avocatii-lui-bogdan-peschir-vor-depune-plangere-penala-la-cedo-pentru-abuzul-politistilor-din-fata-sediului-igpr-a-fost-demascat-si-legitimat-public","status":"publish","type":"post","link":"https:\/\/247stiri.ro\/index.php\/2025\/03\/22\/avocatii-lui-bogdan-peschir-vor-depune-plangere-penala-la-cedo-pentru-abuzul-politistilor-din-fata-sediului-igpr-a-fost-demascat-si-legitimat-public\/","title":{"rendered":"Avoca\u021bii lui Bogdan Pe\u0219chir vor depune pl\u00e2ngere penal\u0103 la CEDO pentru abuzul poli\u021bi\u0219tilor din fa\u021ba sediului IGPR &#8211; a fost demascat \u0219i legitimat public"},"content":{"rendered":"<p>Potrivit avoca\u021bilor lui Bogdan Pe\u0219chir, anchetatorii nu ar avea nici m\u0103car o jum\u0103tate de prob\u0103 care s\u0103 stea la baza acestor acuza\u021bii, el este cercetat \u00een acest dosar penal pentru influen\u021barea aleg\u0103torilor dup\u0103 ce ar fi dat peste 300.000 de euro mai multor persoane pentru a promova filmule\u021be pentru campania electorala a lui C\u0103lin Georgescu.<\/p>\n<p>\u0218tim c\u0103 el a fost arestat preventiv pentru 30 de zile. Seara trecut\u0103, dup\u0103 ce, la parchetul general au avut loc o serie de audieri care au durat aproximativ 5 ore.<\/p>\n<p>De asemenea au fost f\u0103cute \u0219i 17 perchezi\u021bii \u00een Bra\u0219ov, Bucure\u0219ti, C\u0103l\u0103ra\u0219i, Dolj \u0219i alte jude\u021be din \u021bar\u0103 \u00een urma c\u0103rora anchetatorii au ridicat mai multe \u00eenscrisuri \u0219i medii de stocare.<\/p>\n<p>Din informa\u021biile Realitatea PLUS, calitatea lui Bogdan Pe\u0219chir \u00een acest dosar s-a schimbat radical de la suspect la inculpat, de aceea a fost \u0219i arestat preventiv, a fost dus ieri la instan\u021b\u0103 cu aceast\u0103 propunere din partea procurorilor \u0219i vedem c\u0103 avoca\u021bii lui spuneau c\u0103, \u00een urma acelui eveniment, \u00een care a fost demascat public \u0219i legitimat de poli\u021bi\u0219ti \u00een fata sediului IGPR, vor \u00eenainta pl\u00e2ngeri penale \u00een fata institu\u021biei \u0219i inclusiv la CEDO.<\/p>","protected":false},"excerpt":{"rendered":"<p>Potrivit avoca\u021bilor lui Bogdan Pe\u0219chir, anchetatorii nu ar avea nici m\u0103car o jum\u0103tate de prob\u0103&hellip;<\/p>\n","protected":false},"author":0,"featured_media":41524,"comment_status":"open","ping_status":"open","sticky":false,"template":"","format":"standard","meta":{"footnotes":""},"categories":[2],"tags":[],"class_list":["post-41532","post","type-post","status-publish","format-standard","has-post-thumbnail","hentry","category-actual"],"_links":{"self":[{"href":"https:\/\/247stiri.ro\/index.php\/wp-json\/wp\/v2\/posts\/41532","targetHints":{"allow":["GET"]}}],"collection":[{"href":"https:\/\/247stiri.ro\/index.php\/wp-json\/wp\/v2\/posts"}],"about":[{"href":"https:\/\/247stiri.ro\/index.php\/wp-json\/wp\/v2\/types\/post"}],"replies":[{"embeddable":true,"href":"https:\/\/247stiri.ro\/index.php\/wp-json\/wp\/v2\/comments?post=41532"}],"version-history":[{"count":0,"href":"https:\/\/247stiri.ro\/index.php\/wp-json\/wp\/v2\/posts\/41532\/revisions"}],"wp:featuredmedia":[{"embeddable":true,"href":"https:\/\/247stiri.ro\/index.php\/wp-json\/wp\/v2\/media\/41524"}],"wp:attachment":[{"href":"https:\/\/247stiri.ro\/index.php\/wp-json\/wp\/v2\/media?parent=41532"}],"wp:term":[{"taxonomy":"category","embeddable":true,"href":"https:\/\/247stiri.ro\/index.php\/wp-json\/wp\/v2\/categories?post=41532"},{"taxonomy":"post_tag","embeddable":true,"href":"https:\/\/247stiri.ro\/index.php\/wp-json\/wp\/v2\/tags?post=41532"}],"curies":[{"name":"wp","href":"https:\/\/api.w.org\/{rel}","templated":true}]}}