{"id":41536,"date":"2025-03-22T07:44:56","date_gmt":"2025-03-22T07:44:56","guid":{"rendered":"https:\/\/247stiri.ro\/index.php\/2025\/03\/22\/ponta-ar-fi-renuntat-la-cetatenia-sarba-din-cauza-manifestatiilor-la-ce-recurge-suveranistul-vopsit-ca-sa-obtina-fotoliul-de-la-cotroceni\/"},"modified":"2025-03-22T07:44:56","modified_gmt":"2025-03-22T07:44:56","slug":"ponta-ar-fi-renuntat-la-cetatenia-sarba-din-cauza-manifestatiilor-la-ce-recurge-suveranistul-vopsit-ca-sa-obtina-fotoliul-de-la-cotroceni","status":"publish","type":"post","link":"https:\/\/247stiri.ro\/index.php\/2025\/03\/22\/ponta-ar-fi-renuntat-la-cetatenia-sarba-din-cauza-manifestatiilor-la-ce-recurge-suveranistul-vopsit-ca-sa-obtina-fotoliul-de-la-cotroceni\/","title":{"rendered":"Ponta ar fi renun\u021bat la cet\u0103\u021benia s\u00e2rb\u0103 din cauza manifesta\u021biilor. La ce recurge suveranistul vopsit ca s\u0103 ob\u021bin\u0103 fotoliul de la Cotroceni"},"content":{"rendered":"<p>\u00cen ultimele luni, fostul premier a \u00eencercat din r\u0103sputeri s\u0103 ajung\u0103 \u00een aten\u021bia administra\u021biei Trump \u00een speran\u021ba c\u0103 oficialii americani \u00eei vor asigura func\u021bia de pre\u0219edinte al Rom\u00e2niei.<\/p>\n<p>Mai mult dec\u00e2t at\u00e2t, \u00een urm\u0103 cu c\u00e2teva s\u0103pt\u0103m\u00e2ni Victor Ponta a f\u0103cut o vizit\u0103 la Belgrad, moment \u00een care s-a \u00eent\u00e2lnit \u0219i cu fiul cel mare al pre\u0219edintelui SUA Donald Trump Jr. Fostul premier a postat inclusiv o fotografie pe re\u021belele sociale, \u00eenso\u021bit\u0103 de mesajul &#8222;Foarte \u00eenc\u00e2ntat s\u0103-l rev\u0103d pe Donald Trump Jr. &#8211; \u00eel a\u0219tept \u00een Rom\u00e2nia. Sper c\u0103 \u00een cur\u00e2nd.&#8221;<\/p>\n<p>\u00cen plus, unul dintre apropia\u021bii \u0219i sus\u021bin\u0103torii lui Ponta, Sebastian Ghi\u021b\u0103 se afl\u0103 \u00een Belgrad de 9 ani. Presa speculeaz\u0103 c\u0103 afaceristul nu va beneficia \u00een continuare de protec\u021bia autorit\u0103\u021bilor s\u00e2rbe, fapt care se va r\u0103sfr\u00e2nge \u0219i asupra fostului premier.<\/p>\n<p>\u00cen urm\u0103 cu c\u00e2teva zile, presa american\u0103 a anun\u021bat c\u0103 se va construi un hotel interna\u021bional Trump la Belgrad, care ar fi trebuit s\u0103 fie prima astfel de proprietate din Europa. Cu toate acestea, liderii opozi\u021biei din Serbia au cerut rezilierea contractului.<\/p>","protected":false},"excerpt":{"rendered":"<p>\u00cen ultimele luni, fostul premier a \u00eencercat din r\u0103sputeri s\u0103 ajung\u0103 \u00een aten\u021bia administra\u021biei Trump&hellip;<\/p>\n","protected":false},"author":0,"featured_media":41528,"comment_status":"open","ping_status":"open","sticky":false,"template":"","format":"standard","meta":{"footnotes":""},"categories":[2],"tags":[],"class_list":["post-41536","post","type-post","status-publish","format-standard","has-post-thumbnail","hentry","category-actual"],"_links":{"self":[{"href":"https:\/\/247stiri.ro\/index.php\/wp-json\/wp\/v2\/posts\/41536","targetHints":{"allow":["GET"]}}],"collection":[{"href":"https:\/\/247stiri.ro\/index.php\/wp-json\/wp\/v2\/posts"}],"about":[{"href":"https:\/\/247stiri.ro\/index.php\/wp-json\/wp\/v2\/types\/post"}],"replies":[{"embeddable":true,"href":"https:\/\/247stiri.ro\/index.php\/wp-json\/wp\/v2\/comments?post=41536"}],"version-history":[{"count":0,"href":"https:\/\/247stiri.ro\/index.php\/wp-json\/wp\/v2\/posts\/41536\/revisions"}],"wp:featuredmedia":[{"embeddable":true,"href":"https:\/\/247stiri.ro\/index.php\/wp-json\/wp\/v2\/media\/41528"}],"wp:attachment":[{"href":"https:\/\/247stiri.ro\/index.php\/wp-json\/wp\/v2\/media?parent=41536"}],"wp:term":[{"taxonomy":"category","embeddable":true,"href":"https:\/\/247stiri.ro\/index.php\/wp-json\/wp\/v2\/categories?post=41536"},{"taxonomy":"post_tag","embeddable":true,"href":"https:\/\/247stiri.ro\/index.php\/wp-json\/wp\/v2\/tags?post=41536"}],"curies":[{"name":"wp","href":"https:\/\/api.w.org\/{rel}","templated":true}]}}