{"id":41537,"date":"2025-03-22T07:44:56","date_gmt":"2025-03-22T07:44:56","guid":{"rendered":"https:\/\/247stiri.ro\/index.php\/2025\/03\/22\/caz-halucinant-de-sclavie-in-germania-muncitorii-romani-sechestrati-in-camere-cu-mucegai-pusi-sa-munceasca-13-ore-pe-zi-fara-plata-si-hrana-adecvata-principalul-suspect-un-roman\/"},"modified":"2025-03-22T07:44:56","modified_gmt":"2025-03-22T07:44:56","slug":"caz-halucinant-de-sclavie-in-germania-muncitorii-romani-sechestrati-in-camere-cu-mucegai-pusi-sa-munceasca-13-ore-pe-zi-fara-plata-si-hrana-adecvata-principalul-suspect-un-roman","status":"publish","type":"post","link":"https:\/\/247stiri.ro\/index.php\/2025\/03\/22\/caz-halucinant-de-sclavie-in-germania-muncitorii-romani-sechestrati-in-camere-cu-mucegai-pusi-sa-munceasca-13-ore-pe-zi-fara-plata-si-hrana-adecvata-principalul-suspect-un-roman\/","title":{"rendered":"Caz halucinant de sclavie \u00een Germania. Muncitorii rom\u00e2ni, sechestra\u0163i \u00een camere cu mucegai, pu\u015fi s\u0103 munceasc\u0103 13 ore pe zi, f\u0103r\u0103 plat\u0103 \u015fi hran\u0103 adecvat\u0103 &#8211; principalul suspect un rom\u00e2n"},"content":{"rendered":"<p>Miercuri, 19 martie, aproximativ 80 de ofi\u0163eri vamali de la Biroul vamal principal din Kiel au perchezi\u0163ionat mai multe propriet\u0103\u0163i, sub suspiciunea de munc\u0103 ilegal\u0103. Au fost perchezi\u0163ionate spa\u0163ii reziden\u0163iale \u015fi comerciale, sediul unei companii \u015fi \u015fantierul unui antreprenor.<\/p>\n<p>Un rom\u00e2n \u00een v\u00e2rst\u0103 de 52 de ani a fost arestat. \u201eCet\u0103\u0163eanul rom\u00e2n \u00een v\u00e2rst\u0103 de 52 de ani este acuzat c\u0103 a atras mai mul\u0163i compatrio\u0163i \u00een Germania sub promisiuni false \u015fi apoi i-a \u00eenchis \u00een cl\u0103direa unei fabrici\u201d, a declarat Robert D\u00fctsch, \u015feful Biroului vamal principal din Kiel, citat de site-ul RTL.\u00a0Suspectul ar fi recurs, de asemenea, la violen\u0163\u0103 fizic\u0103 pentru a \u0163ine muncitorii sub control.<\/p>\n<p>Rom\u00e2nii erau obliga\u0163i s\u0103 munceasc\u0103 treisprezece ore \u00een fiecare zi, f\u0103r\u0103 pauze regulate \u015fi cu hran\u0103 minim\u0103. Dup\u0103 aceea, muncitorii rom\u00e2ni &#8211; al c\u0103rui num\u0103r nu este precizat &#8211; erau transporta\u0163i la cazare \u015fi \u00eenchi\u015fi acolo.<\/p>\n<p>Un muncitor a fost eliberat cu ocazia acestor perchezi\u0163ii.<\/p>\n<p>\u201eCeea ce sun\u0103 ca un co\u015fmar absolut ar fi fost o realitate pentru mai mul\u0163i rom\u00e2ni \u00een Neum\u00fcnster (landul Schleswig-Holstein), luni la r\u00e2nd. Oficialii vamali au descoperit acum aceste condi\u0163ii inumane \u00eentr-o cl\u0103dire a unei fabrici\u201d, scrie RTL.<\/p>\n<p>B\u0103rbatul \u00een v\u00e2rst\u0103 de 52 de ani \u015fi-ar fi obligat compatrio\u0163ii s\u0103 munceasc\u0103 timp de p\u00e2n\u0103 la trei luni. Se pare c\u0103 ace\u015ftia erau transporta\u0163i zilnic la \u015fantier, unde erau monitoriza\u0163i \u00een permanen\u0163\u0103. Locurile unde dormeau erau pline de mucegai, u\u015file erau \u00eencuiate, iar camerele erau f\u0103r\u0103 ferestre. \u201eLocurile de dormit pe care le-au g\u0103sit (anchetatorii), care erau preg\u0103tite pentru p\u00e2n\u0103 la zece persoane, erau \u00eentr-o stare inacceptabil\u0103, uneori foarte muceg\u0103ite\u201d, a declarat D\u00fctsch.<\/p>\n<p>\u201eAceasta este o form\u0103 deosebit de grav\u0103 de exploatare prin munc\u0103. Acuzatul ar fi folosit violen\u0163a fizic\u0103 pentru a men\u0163ine controlul asupra victimelor. Niciuna dintre ele nu vorbea germana, ceea ce a sporit \u015fi mai mult izolarea lor\u201d, a\u00a0 detaliat D\u00fctsch.<\/p>\n<p>Muncitorii rom\u00e2ni nu primeau niciun salariu \u015fi nu erau pl\u0103tite nici impozite, nici contribu\u0163ii la asigur\u0103rile sociale.\u00a0<\/p>\n<p>Cazul a ie\u015fit la iveal\u0103 dup\u0103 ce un muncitor a reu\u015fit s\u0103 scape \u015fi a alertat poli\u0163ia.\u00a0<\/p>\n<p>Investiga\u0163iile privind trecutul persoanei arestate \u015fi eventualele alte persoane implicate sunt \u00een curs de desf\u0103\u015furare.<\/p>\n<p>Au fost g\u0103site, de asemenea, mai multe nereguli pe \u015fantier, pe care autoritatea pentru protec\u0163ia muncii l-a \u00eenchis imediat, potrivit agen\u0163iei germane de pres\u0103 dpa.<\/p>","protected":false},"excerpt":{"rendered":"<p>Miercuri, 19 martie, aproximativ 80 de ofi\u0163eri vamali de la Biroul vamal principal din Kiel&hellip;<\/p>\n","protected":false},"author":0,"featured_media":41522,"comment_status":"open","ping_status":"open","sticky":false,"template":"","format":"standard","meta":{"footnotes":""},"categories":[2],"tags":[],"class_list":["post-41537","post","type-post","status-publish","format-standard","has-post-thumbnail","hentry","category-actual"],"_links":{"self":[{"href":"https:\/\/247stiri.ro\/index.php\/wp-json\/wp\/v2\/posts\/41537","targetHints":{"allow":["GET"]}}],"collection":[{"href":"https:\/\/247stiri.ro\/index.php\/wp-json\/wp\/v2\/posts"}],"about":[{"href":"https:\/\/247stiri.ro\/index.php\/wp-json\/wp\/v2\/types\/post"}],"replies":[{"embeddable":true,"href":"https:\/\/247stiri.ro\/index.php\/wp-json\/wp\/v2\/comments?post=41537"}],"version-history":[{"count":0,"href":"https:\/\/247stiri.ro\/index.php\/wp-json\/wp\/v2\/posts\/41537\/revisions"}],"wp:featuredmedia":[{"embeddable":true,"href":"https:\/\/247stiri.ro\/index.php\/wp-json\/wp\/v2\/media\/41522"}],"wp:attachment":[{"href":"https:\/\/247stiri.ro\/index.php\/wp-json\/wp\/v2\/media?parent=41537"}],"wp:term":[{"taxonomy":"category","embeddable":true,"href":"https:\/\/247stiri.ro\/index.php\/wp-json\/wp\/v2\/categories?post=41537"},{"taxonomy":"post_tag","embeddable":true,"href":"https:\/\/247stiri.ro\/index.php\/wp-json\/wp\/v2\/tags?post=41537"}],"curies":[{"name":"wp","href":"https:\/\/api.w.org\/{rel}","templated":true}]}}