{"id":41573,"date":"2025-03-22T09:44:56","date_gmt":"2025-03-22T09:44:56","guid":{"rendered":"https:\/\/247stiri.ro\/index.php\/2025\/03\/22\/subiectul-anularii-alegerilor-ignorat-din-nou-in-csat-cresterea-productiei-de-arme-pe-ordinea-de-zi\/"},"modified":"2025-03-22T09:44:56","modified_gmt":"2025-03-22T09:44:56","slug":"subiectul-anularii-alegerilor-ignorat-din-nou-in-csat-cresterea-productiei-de-arme-pe-ordinea-de-zi","status":"publish","type":"post","link":"https:\/\/247stiri.ro\/index.php\/2025\/03\/22\/subiectul-anularii-alegerilor-ignorat-din-nou-in-csat-cresterea-productiei-de-arme-pe-ordinea-de-zi\/","title":{"rendered":"Subiectul anul\u0103rii alegerilor, ignorat din nou \u00een CSAT. Cre\u0219terea produc\u021biei de arme, pe ordinea de zi"},"content":{"rendered":"<p>De aceast\u0103 dat\u0103 avem o convocare oficial\u0103 \u0219i o ordine de zi oficial\u0103. Pe ordinea de zi se va discuta \u00een special despre situa\u021bia din Ucraina, despre pozi\u021bionarea \u021b\u0103rii noastre. \u00cen acest context se va discuta \u0219i despre \u00eenarmare, pentru c\u0103 este cel mai aprins subiect \u00een momentul de fa\u021b\u0103 pe continentul european.<\/p>\n<p>De asemenea vor exista \u0219i discu\u021bii \u0219i despre rapoartele de activitate ale institui\u021bilor care se ocup\u0103 de ap\u0103rare, rapoartele serviciilor secrete \u0219i, de asemenea, despre raportul de activitate al CSAT. Este posibil ca aici s\u0103 fie pu\u021bin atins subiectul anul\u0103rii alegerilor, \u00eens\u0103 el nu apare concret pe ordinea de zi a acestei \u0219edin\u021be, de\u0219i am v\u0103zut apeluri publice de la lideri politici pe aceast\u0103 tema.<\/p>\n<p>Discu\u021bia despre motivele care au dus la anularea alegerilor nu apare nici acum pe ordinea de zi. Aceast\u0103 \u0219edin\u021b\u0103 ar fi trebuit s\u0103 aib\u0103 loc chiar cu c\u00e2teva s\u0103pt\u0103m\u00e2ni bune, ini\u021bial se anun\u021base c\u0103 trebuia s\u0103 aib\u0103 loc undeva mult mai devreme, \u00eens\u0103 a fost am\u00e2nat\u0103 de mai multe ori.<\/p>\n<p>\u00cen ceea ce prive\u0219te ordinea de zi, este posibil s\u0103 mai apar\u0103 \u0219i un subiect mai concret, \u0219i anume transferul a trei companii rom\u00e2ne\u0219ti de armament \u00een subordinea Ministerului Ap\u0103r\u0103rii, tocmai pentru a creste produc\u021bia de armament. Ilie Bolojan tocmai a venit de la Bruxelles, unde a stat de vorb\u0103 cu liderii europeni, iar acesta a fost unul dintre principalele subiecte.<\/p>","protected":false},"excerpt":{"rendered":"<p>De aceast\u0103 dat\u0103 avem o convocare oficial\u0103 \u0219i o ordine de zi oficial\u0103. Pe ordinea&hellip;<\/p>\n","protected":false},"author":0,"featured_media":41565,"comment_status":"open","ping_status":"open","sticky":false,"template":"","format":"standard","meta":{"footnotes":""},"categories":[2],"tags":[],"class_list":["post-41573","post","type-post","status-publish","format-standard","has-post-thumbnail","hentry","category-actual"],"_links":{"self":[{"href":"https:\/\/247stiri.ro\/index.php\/wp-json\/wp\/v2\/posts\/41573","targetHints":{"allow":["GET"]}}],"collection":[{"href":"https:\/\/247stiri.ro\/index.php\/wp-json\/wp\/v2\/posts"}],"about":[{"href":"https:\/\/247stiri.ro\/index.php\/wp-json\/wp\/v2\/types\/post"}],"replies":[{"embeddable":true,"href":"https:\/\/247stiri.ro\/index.php\/wp-json\/wp\/v2\/comments?post=41573"}],"version-history":[{"count":0,"href":"https:\/\/247stiri.ro\/index.php\/wp-json\/wp\/v2\/posts\/41573\/revisions"}],"wp:featuredmedia":[{"embeddable":true,"href":"https:\/\/247stiri.ro\/index.php\/wp-json\/wp\/v2\/media\/41565"}],"wp:attachment":[{"href":"https:\/\/247stiri.ro\/index.php\/wp-json\/wp\/v2\/media?parent=41573"}],"wp:term":[{"taxonomy":"category","embeddable":true,"href":"https:\/\/247stiri.ro\/index.php\/wp-json\/wp\/v2\/categories?post=41573"},{"taxonomy":"post_tag","embeddable":true,"href":"https:\/\/247stiri.ro\/index.php\/wp-json\/wp\/v2\/tags?post=41573"}],"curies":[{"name":"wp","href":"https:\/\/api.w.org\/{rel}","templated":true}]}}