{"id":41578,"date":"2025-03-22T10:44:49","date_gmt":"2025-03-22T10:44:49","guid":{"rendered":"https:\/\/247stiri.ro\/index.php\/2025\/03\/22\/dezvaluiri-explozive-despre-binoul-ghita-ponta-cum-trage-ghita-sforile-pentru-ponta-manevra-pentru-a-acapara-tara\/"},"modified":"2025-03-22T10:44:49","modified_gmt":"2025-03-22T10:44:49","slug":"dezvaluiri-explozive-despre-binoul-ghita-ponta-cum-trage-ghita-sforile-pentru-ponta-manevra-pentru-a-acapara-tara","status":"publish","type":"post","link":"https:\/\/247stiri.ro\/index.php\/2025\/03\/22\/dezvaluiri-explozive-despre-binoul-ghita-ponta-cum-trage-ghita-sforile-pentru-ponta-manevra-pentru-a-acapara-tara\/","title":{"rendered":"Dezv\u0103luiri explozive despre binoul Ghi\u021b\u0103-Ponta. Cum trage Ghi\u021b\u0103 sforile pentru Ponta, manevra pentru a acapara \u021bara"},"content":{"rendered":"<p>\u00cen cel pu\u021bin unul dintre dosarele grele pe care le-a avut Sebastian Ghi\u021b\u0103, Sec\u021bia Special\u0103 pentru Investigarea Infrac\u021biunilor din Justi\u021bie, \u00een 2019 a ajutat la \u00eenchiderea lui \u00een favoarea lui Ghi\u021b\u0103, dup\u0103 ce a decis s\u0103 nu mai intenteze apel. A fost un mare scandal referitor la aceast\u0103 decizie a SIJ, pentru c\u0103 DNA care reprezenta la momentul respectiv partea acuz\u0103rii in sala de judecata s-a pl\u00e2ns la CCR pentru decizia absolut deloc motivata de cei dela SIJ. Coinciden\u021b\u0103 sau nu, la momentul respectiv SIJ era condusa de Gheorghe Stan.<\/p>\n<p>Tot atunci in 2018 se \u00eent\u00e2mpl\u0103 asta, procuror general era Bogdan Licu, cel care a spus ca a fost absolut justificat ca cei de la SIJ sa nu mai depun\u0103 apel in dosarul lui Ghi\u021b\u0103. At\u00e2t Gheorghe Stan, cat si Bogdan Licu, sunt in prezent membrii ai CCR. Am\u00e2ndoi au contribuit la anularea alegerilor si blocarea candidaturii lui C\u0103lin Georgescu.<\/p>\n<p>In acela\u0219i context, SIJ este cea care a retras apelul si in cazul lui Hrebenciuc, \u00eentr-un dosar cu un prejudiciu extrem de mare, 300.000 milioane de euro. De asemenea, decizia de atunci a st\u00e2rnit extrem de multe controverse \u00een spa\u021biul public, dar nu se putea face nimic, pentru c\u0103 era o decizie pe care nu o mai putea \u00eentoarce nimeni.<\/p>\n<p>SIJ a fost \u00eenfiin\u021bat\u0103 in 2018, iar in cazul lui Sebastian Ghi\u021b\u0103 a fost prima decizie importanta pe care au luat-o in 2019.<\/p>","protected":false},"excerpt":{"rendered":"<p>\u00cen cel pu\u021bin unul dintre dosarele grele pe care le-a avut Sebastian Ghi\u021b\u0103, Sec\u021bia Special\u0103&hellip;<\/p>\n","protected":false},"author":0,"featured_media":41575,"comment_status":"open","ping_status":"open","sticky":false,"template":"","format":"standard","meta":{"footnotes":""},"categories":[2],"tags":[],"class_list":["post-41578","post","type-post","status-publish","format-standard","has-post-thumbnail","hentry","category-actual"],"_links":{"self":[{"href":"https:\/\/247stiri.ro\/index.php\/wp-json\/wp\/v2\/posts\/41578","targetHints":{"allow":["GET"]}}],"collection":[{"href":"https:\/\/247stiri.ro\/index.php\/wp-json\/wp\/v2\/posts"}],"about":[{"href":"https:\/\/247stiri.ro\/index.php\/wp-json\/wp\/v2\/types\/post"}],"replies":[{"embeddable":true,"href":"https:\/\/247stiri.ro\/index.php\/wp-json\/wp\/v2\/comments?post=41578"}],"version-history":[{"count":0,"href":"https:\/\/247stiri.ro\/index.php\/wp-json\/wp\/v2\/posts\/41578\/revisions"}],"wp:featuredmedia":[{"embeddable":true,"href":"https:\/\/247stiri.ro\/index.php\/wp-json\/wp\/v2\/media\/41575"}],"wp:attachment":[{"href":"https:\/\/247stiri.ro\/index.php\/wp-json\/wp\/v2\/media?parent=41578"}],"wp:term":[{"taxonomy":"category","embeddable":true,"href":"https:\/\/247stiri.ro\/index.php\/wp-json\/wp\/v2\/categories?post=41578"},{"taxonomy":"post_tag","embeddable":true,"href":"https:\/\/247stiri.ro\/index.php\/wp-json\/wp\/v2\/tags?post=41578"}],"curies":[{"name":"wp","href":"https:\/\/api.w.org\/{rel}","templated":true}]}}