{"id":41581,"date":"2025-03-22T10:44:50","date_gmt":"2025-03-22T10:44:50","guid":{"rendered":"https:\/\/247stiri.ro\/index.php\/2025\/03\/22\/accident-grav-in-dolj-soferii-implicati-au-lasat-masinile-avariate-si-au-plecat\/"},"modified":"2025-03-22T10:44:50","modified_gmt":"2025-03-22T10:44:50","slug":"accident-grav-in-dolj-soferii-implicati-au-lasat-masinile-avariate-si-au-plecat","status":"publish","type":"post","link":"https:\/\/247stiri.ro\/index.php\/2025\/03\/22\/accident-grav-in-dolj-soferii-implicati-au-lasat-masinile-avariate-si-au-plecat\/","title":{"rendered":"Accident grav \u00een Dolj. \u015eoferii implica\u0163i au l\u0103sat ma\u015finile avariate \u015fi au plecat"},"content":{"rendered":"<p>\u201e\u00cen primul eveniment, conduc\u0103torul unui autoturism care circula pe strada Unirii, din cauze ce urmeaz\u0103 a fi stabilite, a pierdut controlul asupra direc\u0163iei de deplasare, a lovit un alt autoturism parcat \u015fi s-a r\u0103sturnat pe carosabil. Poli\u0163i\u015ftii deplasa\u0163i la fa\u0163a locului nu au g\u0103sit nicio persoan\u0103 \u00een autoturism, conduc\u0103torul auto av\u00e2nd obliga\u0163ia de a se prezenta la unitatea de poli\u0163ie competent\u0103 pe raza c\u0103reia s-a produs accidentul \u00een termen de cel mult 24 de ore de la producerea evenimentului pentru \u00eentocmirea documentelor de constatare\u201d, informeaz\u0103, s\u00e2mb\u0103t\u0103, Poli\u0163ia jude\u0163ean\u0103 Dolj.\u00a0Al doilea accident rutier a avut loc pe drumul jude\u0163ean 561 din direc\u0163ia Calop\u0103r c\u0103tre Segarcea, unde un autoturism a intrat \u00een coliziune cu mai mul\u0163i arbu\u015fti.\u00a0\u00a0\u201e\u015ei \u00een acest caz, poli\u0163i\u015ftii deplasa\u0163i la fa\u0163a locului nu au g\u0103sit nicio persoan\u0103 \u00een autoturism\u201d, transmit poli\u0163i\u015ftii.\u00a0\u00a0\u015eoferul autoturismului implicat \u00een al doilea eveniment s-a prezentat s\u00e2mb\u0103t\u0103 diminea\u0163\u0103 la sediul Poli\u0163iei Ora\u015fului Segarcea. Este vorba despre o t\u00e2n\u0103r\u0103 \u00een v\u00e2rst\u0103 de 23 de ani, din comuna Podari, ea spun\u00e2nd c\u0103 a pierdut controlul asupra direc\u0163iei de mers, pe fondul neaten\u0163iei la volan. Ea a primit o amend\u0103 contraven\u0163ional\u0103.\u00a0<\/p>","protected":false},"excerpt":{"rendered":"<p>\u201e\u00cen primul eveniment, conduc\u0103torul unui autoturism care circula pe strada Unirii, din cauze ce urmeaz\u0103&hellip;<\/p>\n","protected":false},"author":0,"featured_media":41582,"comment_status":"open","ping_status":"open","sticky":false,"template":"","format":"standard","meta":{"footnotes":""},"categories":[2],"tags":[],"class_list":["post-41581","post","type-post","status-publish","format-standard","has-post-thumbnail","hentry","category-actual"],"_links":{"self":[{"href":"https:\/\/247stiri.ro\/index.php\/wp-json\/wp\/v2\/posts\/41581","targetHints":{"allow":["GET"]}}],"collection":[{"href":"https:\/\/247stiri.ro\/index.php\/wp-json\/wp\/v2\/posts"}],"about":[{"href":"https:\/\/247stiri.ro\/index.php\/wp-json\/wp\/v2\/types\/post"}],"replies":[{"embeddable":true,"href":"https:\/\/247stiri.ro\/index.php\/wp-json\/wp\/v2\/comments?post=41581"}],"version-history":[{"count":0,"href":"https:\/\/247stiri.ro\/index.php\/wp-json\/wp\/v2\/posts\/41581\/revisions"}],"wp:featuredmedia":[{"embeddable":true,"href":"https:\/\/247stiri.ro\/index.php\/wp-json\/wp\/v2\/media\/41582"}],"wp:attachment":[{"href":"https:\/\/247stiri.ro\/index.php\/wp-json\/wp\/v2\/media?parent=41581"}],"wp:term":[{"taxonomy":"category","embeddable":true,"href":"https:\/\/247stiri.ro\/index.php\/wp-json\/wp\/v2\/categories?post=41581"},{"taxonomy":"post_tag","embeddable":true,"href":"https:\/\/247stiri.ro\/index.php\/wp-json\/wp\/v2\/tags?post=41581"}],"curies":[{"name":"wp","href":"https:\/\/api.w.org\/{rel}","templated":true}]}}