{"id":41603,"date":"2025-03-22T11:44:53","date_gmt":"2025-03-22T11:44:53","guid":{"rendered":"https:\/\/247stiri.ro\/index.php\/2025\/03\/22\/prima-aparitie-publica-a-papei-francisc-posibila-duminica-dupa-peste-cinci-saptamani-de-absenta\/"},"modified":"2025-03-22T11:44:53","modified_gmt":"2025-03-22T11:44:53","slug":"prima-aparitie-publica-a-papei-francisc-posibila-duminica-dupa-peste-cinci-saptamani-de-absenta","status":"publish","type":"post","link":"https:\/\/247stiri.ro\/index.php\/2025\/03\/22\/prima-aparitie-publica-a-papei-francisc-posibila-duminica-dupa-peste-cinci-saptamani-de-absenta\/","title":{"rendered":"Prima apari\u021bie public\u0103 a Papei Francisc, posibil\u0103 duminic\u0103, dup\u0103 peste cinci s\u0103pt\u0103m\u00e2ni de absen\u021b\u0103"},"content":{"rendered":"<p>Francisc, \u00een v\u00e2rst\u0103 de 88 de ani, a fost internat pe 14 februarie cu o infec\u0163ie respiratorie sever\u0103, care a necesitat un tratament medical \u00een evolu\u0163ie. De la \u00eenceputul spitaliz\u0103rii, suveranul pontif a fost v\u0103zut o singur\u0103 dat\u0103 de public, \u00eentr-o fotografie publicat\u0103 s\u0103pt\u0103m\u00e2na trecut\u0103 de Vatican, \u00een care ap\u0103rea rug\u00e2ndu-se \u00eentr-o capel\u0103 a spitalului.<\/p>\n<p>Potrivit unui comunicat scurt emis s\u00e2mb\u0103t\u0103, papa dore\u015fte s\u0103 apar\u0103 la fereastra camerei sale \u00een jurul pr\u00e2nzului, pentru a adresa un salut \u015fi o binecuv\u00e2ntare credincio\u015filor.<\/p>\n<p>\u00cen mod obi\u015fnuit, papa roste\u015fte rug\u0103ciunea \u201dAngelus\u201d \u00een fiecare duminic\u0103 la pr\u00e2nz, \u00een Pia\u0163a Sf\u00e2ntul Petru. De la 9 februarie, \u00eenainte de internare, el nu a mai putut \u00eendeplini acest ritual s\u0103pt\u0103m\u00e2nal.<\/p>\n<p>Vaticanul a precizat c\u0103 Francisc nu este a\u015fteptat s\u0103 rosteasc\u0103 \u00eentreaga rug\u0103ciune duminic\u0103, ceea ce arat\u0103 c\u0103 se afl\u0103 \u00eenc\u0103 \u00een perioada de recuperare, dar va ap\u0103rea la fereastr\u0103 pentru a saluta credincio\u015fii.<\/p>\n<p>Papa este predispus la infec\u0163ii pulmonare, dup\u0103 ce, \u00een tinere\u0163e, a suferit de pleurezie \u015fi i-a fost extirpat\u0103 o parte dintr-un pl\u0103m\u00e2n. Actuala spitalizare reprezint\u0103 cea mai grav\u0103 criz\u0103 de s\u0103n\u0103tate din cei 12 ani de pontificat \u015fi cea mai lung\u0103 perioad\u0103 \u00een care a lipsit din via\u0163a public\u0103 de la alegerea sa \u00een 2013.<\/p>","protected":false},"excerpt":{"rendered":"<p>Francisc, \u00een v\u00e2rst\u0103 de 88 de ani, a fost internat pe 14 februarie cu o&hellip;<\/p>\n","protected":false},"author":0,"featured_media":41592,"comment_status":"open","ping_status":"open","sticky":false,"template":"","format":"standard","meta":{"footnotes":""},"categories":[2],"tags":[],"class_list":["post-41603","post","type-post","status-publish","format-standard","has-post-thumbnail","hentry","category-actual"],"_links":{"self":[{"href":"https:\/\/247stiri.ro\/index.php\/wp-json\/wp\/v2\/posts\/41603","targetHints":{"allow":["GET"]}}],"collection":[{"href":"https:\/\/247stiri.ro\/index.php\/wp-json\/wp\/v2\/posts"}],"about":[{"href":"https:\/\/247stiri.ro\/index.php\/wp-json\/wp\/v2\/types\/post"}],"replies":[{"embeddable":true,"href":"https:\/\/247stiri.ro\/index.php\/wp-json\/wp\/v2\/comments?post=41603"}],"version-history":[{"count":0,"href":"https:\/\/247stiri.ro\/index.php\/wp-json\/wp\/v2\/posts\/41603\/revisions"}],"wp:featuredmedia":[{"embeddable":true,"href":"https:\/\/247stiri.ro\/index.php\/wp-json\/wp\/v2\/media\/41592"}],"wp:attachment":[{"href":"https:\/\/247stiri.ro\/index.php\/wp-json\/wp\/v2\/media?parent=41603"}],"wp:term":[{"taxonomy":"category","embeddable":true,"href":"https:\/\/247stiri.ro\/index.php\/wp-json\/wp\/v2\/categories?post=41603"},{"taxonomy":"post_tag","embeddable":true,"href":"https:\/\/247stiri.ro\/index.php\/wp-json\/wp\/v2\/tags?post=41603"}],"curies":[{"name":"wp","href":"https:\/\/api.w.org\/{rel}","templated":true}]}}