{"id":41605,"date":"2025-03-22T11:44:54","date_gmt":"2025-03-22T11:44:54","guid":{"rendered":"https:\/\/247stiri.ro\/index.php\/2025\/03\/22\/daniel-david-despre-profesorii-nemultumiti-de-salarii-avem-o-problema-cu-sistemul-de-educatie-daca-vor-ca-in-scoli-copiii-lor-sa-fie-educati-de-profesori-buni-am-nevoie-de-suportul-celorl\/"},"modified":"2025-03-22T11:44:54","modified_gmt":"2025-03-22T11:44:54","slug":"daniel-david-despre-profesorii-nemultumiti-de-salarii-avem-o-problema-cu-sistemul-de-educatie-daca-vor-ca-in-scoli-copiii-lor-sa-fie-educati-de-profesori-buni-am-nevoie-de-suportul-celorl","status":"publish","type":"post","link":"https:\/\/247stiri.ro\/index.php\/2025\/03\/22\/daniel-david-despre-profesorii-nemultumiti-de-salarii-avem-o-problema-cu-sistemul-de-educatie-daca-vor-ca-in-scoli-copiii-lor-sa-fie-educati-de-profesori-buni-am-nevoie-de-suportul-celorl\/","title":{"rendered":"Daniel David, despre profesorii nemul\u021bumi\u021bi de salarii: \u201dAvem o problem\u0103 cu sistemul de educa\u0163ie. Dac\u0103 vor ca \u00een \u015fcoli copiii lor s\u0103 fie educa\u0163i de profesori buni, am nevoie de suportul celorlalte sisteme\u201d"},"content":{"rendered":"<p>Ministrul Educa\u0163iei, Daniel David, a fost \u00eentrebat, la un post TV, dac\u0103 profesorii sunt mul\u0163umi\u0163i \u00een acest moment de nivelul de salarizare.\u00a0\u00a0\u201dSigur c\u0103 nu sunt mul\u0163umi\u0163i, nici eu nu sunt mul\u0163umit. Noi trebuie s\u0103 ne hot\u0103r\u00e2m \u00een societatea noastr\u0103 ce rol vrem s\u0103 d\u0103m educa\u0163iei. Eu m\u0103 uit \u015fi v\u0103d c\u0103 de foarte mul\u0163i ani mul\u0163i oameni buni care termin\u0103 universit\u0103\u0163ile nu intr\u0103 \u00een sistemul preuniversitar \u015fi din cauza salariz\u0103rii. Mai ales c\u0103 cei care intr\u0103 \u00een sistem sunt de obicei tineri, sunt \u00een faza \u00een care vor s\u0103 aib\u0103 o familie, s\u0103 aib\u0103 un loc \u00een care s\u0103 locuiasc\u0103, s\u0103 aib\u0103 o via\u0163\u0103 decent\u0103. Cu salariul pe care \u00eel au, nu au un start bun \u00een via\u0163\u0103. \u0102sta este adev\u0103rul. \u015ei atunci, ce trebuie s\u0103 facem? S\u0103 avem o discu\u0163ie onest\u0103 \u00eentre noi, s\u0103 ne hot\u0103r\u00e2m care e rolul pe care vrem s\u0103-l d\u0103m profesorului \u00een societatea noastr\u0103, s\u0103 pornim cu un salariu decent. Sunt de acord s\u0103 punem indicatori, cum am \u015fi eu \u00een zona universitar\u0103, standarde minimale de performan\u0163\u0103. Adic\u0103 eu dac\u0103 la trei ani nu am trei publica\u0163ii \u015ftiin\u0163ifice, m\u0103 cheam\u0103 rectorul \u015fi m\u0103 \u00eentreab\u0103: \u201dCe faci, cu ce te mai ocupi?\u201d. \u015ei dac\u0103 continu\u0103 acest lucru, \u00eencepe s\u0103-mi reduc\u0103 din salariu. Deci sunt standarde minime\u201d, a explicat Daniel David.\u00a0\u00a0Ministrul Educa\u0163iei a mai fost \u00eentrebat ce ar \u00eensemna un salariu decent \u00een sistemul de educa\u0163ie.\u00a0\u00a0\u201dGreu de spus. Uite, de exemplu, am v\u0103zut \u00een ultimele discu\u0163ii, dup\u0103 greva care a avut loc \u00een sistem, c\u0103 sindicatele au discutat cu guvernul de atunci, cu ministrul de atunci, nu eram eu, faptul c\u0103 un profesor debutant ar trebui s\u0103 aib\u0103 cumva un salariu la nivelul venitului mediu pe economie (5.300 de lei &#8211; n.r.). Ar fi fost mul\u0163umi\u0163i cu aceast\u0103 perspectiv\u0103, urm\u00e2nd c\u0103 dup\u0103 aceea s\u0103 fie indexat pe m\u0103sura calific\u0103rii \u015fi a vechimei. Dar eu cred c\u0103 o alt\u0103 discu\u0163ie e o corelare cu salariile din zona s\u0103n\u0103t\u0103\u0163ii, fiindc\u0103 atunci c\u00e2nd medicii \u015fi asistentele medicale s-au pl\u00e2ns, pe bun\u0103 dreptate, c\u0103 salariile sunt mici, \u015fi sistemul s-a pl\u00e2ns c\u0103 medicii plecau \u00een str\u0103in\u0103tate, noi to\u0163i am \u00een\u0163eles c\u0103 trebuie s\u0103 m\u0103rim salariile acolo pentru a-i p\u0103stra \u00een \u0163ar\u0103 \u015fi a avea sisteme de s\u0103n\u0103tate eficiente. Ei, acum, eu le spun celor din celelalte sisteme c\u0103 avem o problem\u0103 cu sistemul de educa\u0163ie. Dac\u0103 vor ca \u00een \u015fcoli copiii lor s\u0103 fie educa\u0163i de profesori buni, am nevoie de suportul celorlalte sisteme, astfel \u00eenc\u00e2t s\u0103 putem s\u0103 avem salarii decente \u00een zona educa\u0163iei, cer\u00e2nd \u015fi performan\u0163\u0103. Repet, vor fi \u015fi indicatori \u015fi standarde de performan\u0163\u0103, dar trebuie s\u0103 pornim de la salarii decente, corelate cu cele din s\u0103n\u0103tate, sigur, p\u0103str\u00e2nd \u00een aceast\u0103 corelare num\u0103rul de ani de \u015fcoal\u0103, c\u00e2t ai studiat\u201d, a conchis ministrul.\u00a0\u00a0\u00a0\u00a0\u00a0<\/p>","protected":false},"excerpt":{"rendered":"<p>Ministrul Educa\u0163iei, Daniel David, a fost \u00eentrebat, la un post TV, dac\u0103 profesorii sunt mul\u0163umi\u0163i&hellip;<\/p>\n","protected":false},"author":0,"featured_media":41606,"comment_status":"open","ping_status":"open","sticky":false,"template":"","format":"standard","meta":{"footnotes":""},"categories":[2],"tags":[],"class_list":["post-41605","post","type-post","status-publish","format-standard","has-post-thumbnail","hentry","category-actual"],"_links":{"self":[{"href":"https:\/\/247stiri.ro\/index.php\/wp-json\/wp\/v2\/posts\/41605","targetHints":{"allow":["GET"]}}],"collection":[{"href":"https:\/\/247stiri.ro\/index.php\/wp-json\/wp\/v2\/posts"}],"about":[{"href":"https:\/\/247stiri.ro\/index.php\/wp-json\/wp\/v2\/types\/post"}],"replies":[{"embeddable":true,"href":"https:\/\/247stiri.ro\/index.php\/wp-json\/wp\/v2\/comments?post=41605"}],"version-history":[{"count":0,"href":"https:\/\/247stiri.ro\/index.php\/wp-json\/wp\/v2\/posts\/41605\/revisions"}],"wp:featuredmedia":[{"embeddable":true,"href":"https:\/\/247stiri.ro\/index.php\/wp-json\/wp\/v2\/media\/41606"}],"wp:attachment":[{"href":"https:\/\/247stiri.ro\/index.php\/wp-json\/wp\/v2\/media?parent=41605"}],"wp:term":[{"taxonomy":"category","embeddable":true,"href":"https:\/\/247stiri.ro\/index.php\/wp-json\/wp\/v2\/categories?post=41605"},{"taxonomy":"post_tag","embeddable":true,"href":"https:\/\/247stiri.ro\/index.php\/wp-json\/wp\/v2\/tags?post=41605"}],"curies":[{"name":"wp","href":"https:\/\/api.w.org\/{rel}","templated":true}]}}