{"id":41608,"date":"2025-03-22T11:44:55","date_gmt":"2025-03-22T11:44:55","guid":{"rendered":"https:\/\/247stiri.ro\/index.php\/2025\/03\/22\/bogdan-peschir-a-contestat-arestul-preventiv-avocat-l-a-sustinut-pe-calin-georgescu-pentru-ca-a-simpatizat-cu-opiniile-dansului-si-este-o-alegere-personala\/"},"modified":"2025-03-22T11:44:55","modified_gmt":"2025-03-22T11:44:55","slug":"bogdan-peschir-a-contestat-arestul-preventiv-avocat-l-a-sustinut-pe-calin-georgescu-pentru-ca-a-simpatizat-cu-opiniile-dansului-si-este-o-alegere-personala","status":"publish","type":"post","link":"https:\/\/247stiri.ro\/index.php\/2025\/03\/22\/bogdan-peschir-a-contestat-arestul-preventiv-avocat-l-a-sustinut-pe-calin-georgescu-pentru-ca-a-simpatizat-cu-opiniile-dansului-si-este-o-alegere-personala\/","title":{"rendered":"Bogdan Pe\u0219chir a contestat arestul preventiv. Avocat: \u201dL-a sus\u0163inut pe C\u0103lin Georgescu, pentru c\u0103 a simpatizat cu opiniile d\u00e2nsului \u015fi este o alegere personal\u0103\u201d"},"content":{"rendered":"<p>Pe\u015fchir a contestat plasarea sa \u00een arest preventiv pentru 30 de zile chiar vineri, c\u00e2nd m\u0103sura a fost decis\u0103 de magistra\u0163ii\u00a0Judec\u0103toriei Sectorului 5, care au admis propunerea procurorilor \u00een acest sens.<\/p>\n<p>\u201d\u00cen baza art. 226 alin. 1 Cpp rap. la art. 223 alin. 2 Cpp \u015fi art. 202 alin. 1 \u015fi 3 Cpp, admite propunerea formulat\u0103 de Parchetul de pe l\u00e2ng\u0103 \u00cenalta Curte de Casa\u0163ie \u015fi Justi\u0163ie \u2013 Sec\u0163ia de urm\u0103rire penal\u0103 \u00een dosarul de urm\u0103rire penal\u0103 nr. 72\/76\/P\/2024\/d3 \u015fi dispune arestarea preventiv\u0103 a inculpatului PE\u0218CHIR BOGDAN, cercetat sub aspectul s\u0103v\u00e2r\u015firii infrac\u021biunii de coruperea aleg\u0103torilor, \u00een form\u0103 continuat\u0103, fapt\u0103 prev. de art. 386 alin. 1 Cp cu aplic. art. 35 alin. 1 Cp (265 de acte materiale), pentru o perioad\u0103 de 30 de zile, \u00eencep\u00e2nd cu data de 21.03.2025 \u015fi p\u00e2n\u0103 la data de 19.04.2025, inclusiv. Respinge cererea inculpatului, formulat\u0103 prin ap\u0103r\u0103tori ale\u0219i, de respingere a propunerii de luare a m\u0103surii arest\u0103rii preventive sau, \u00een subsidiar, de luare a m\u0103surii controlului judiciar, ca ne\u00eentemeiat\u0103. Dispune emiterea de \u00eendat\u0103 a mandatului de arestare preventiv\u0103 nr. 40\/UP\/21.03.2025, conform art. 230 alin. 1 Cpp. \u00cen baza art. 275 alin. 3 Cpp, cheltuielile judiciare avansate de stat r\u0103m\u00e2n \u00een sarcina acestuia\u201d, conform deciziei.<\/p>\n<p>\u201dProcurorul de caz din cadrul Sec\u0163iei de urm\u0103rire penal\u0103 a Parchetului de pe l\u00e2ng\u0103 \u00cenalta Curte de Casa\u0163ie \u015fi Justi\u0163ie a dispus punerea \u00een mi\u015fcare a ac\u0163iunii penale fa\u0163\u0103 de un inculpat, aflat \u00een stare de re\u0163inere, sub aspectul s\u0103v\u00e2r\u015firii infrac\u0163iunii de coruperea alegatorilor prin mijloace de comunicare electronic\u0103 (\u00een form\u0103 continuat\u0103 &#8211; 265 acte materiale)\u201d,a\u00a0 anun\u0163at anterior Parchetul de pe l\u00e2ng\u0103 \u00cenalta Curte de Casa\u0163ie \u015fi Justi\u0163ie, referitor la Pe\u015fchir.<\/p>\n<p>\u201dDin cercet\u0103rile efectuate p\u00e2n\u0103 \u00een prezent, a rezultat faptul c\u0103, \u00een perioada 28.03.2024 \u2013 31.01.2025, inculpatul a oferit suma de 879.521,13 USD, sub form\u0103 de gift-uri pe alica\u0163ia TIK TOK (pl\u0103\u0163i efectuate prin aplica\u0163ie \u00een timpul unor sesiuni live ale utilizatorilor prin oferirea de puncte ce pot fi apoi convertite \u00een sume de bani) \u015fi sumele de 302.547,87 de lei \u015fi 17.859,31 USD, prin transferuri efectuate prin aplica\u0163ia REVOLUT (conturi bancare \u015fi portofele electronice de criptomonede), c\u0103tre 265 de persoane, \u00een scopul determin\u0103rii acestora s\u0103 voteze un\u00a0 anumit candidat alegerile preziden\u0163iale organizate \u00een anul 2024\u201d, afirm\u0103 anchetatori.<\/p>\n<p>\u201eAm dat declara\u0163ie, tot ce am spus la prima declara\u0163ie se men\u0163ine acum. I-am \u00eentrebat concret care sunt acuza\u0163iile, dovad\u0103 c\u0103 s-au f\u0103cut aceste dona\u0163ii c\u0103tre sus\u0163in\u0103torii domnului Georgescu. P\u0103i e o infrac\u0163iune? P\u0103i nu \u015ftim, noi a\u015fa am formulat. De ce l-a sus\u0163inut pe domnul Georgescu? Pentru c\u0103 am simpatizat cu opiniile d\u00e2nsului personal \u015fi este o alegere personal\u0103. Am spus c\u0103 se simte discriminat pentru opiniile politice, pentru c\u0103 sus\u0163ine un candidat. Am ar\u0103tat \u015fi abuzul care s-a f\u0103cut ieri prin divulgarea \u00een public \u015fi v\u0103 mul\u0163umim presei c\u0103 datorit\u0103 vou\u0103 avem dovezile exacte, filmate, c\u00e2nd au f\u0103cut aceste dezv\u0103luiri, deci aceast\u0103 infrac\u0163iune s-a produs \u00een direct. Noi am venit la poli\u0163ie, la organele de cercetare penal\u0103, \u00eentotdeauna ar\u0103t\u00e2nd c\u0103 nu avem nimic de ascuns, am r\u0103spuns la absolut toate \u00eentreb\u0103rile \u015fi vede\u0163i \u015fi dumneavoastr\u0103 \u00een ce situa\u0163ie \u015fi cum se trateaz\u0103 o persoan\u0103 care a venit dou\u0103 luni jum\u0103tate \u00een fiecare zi, iar dup\u0103 aceea este adus cum c\u0103 s-ar putea s\u0103 se sustrag\u0103 de la ce?\u201d, a declarat vineri avocatul lui Bogdan Pe\u015fchir la ie\u015firea de la audieri.\u00centrebat de unde are clientul s\u0103u banii, avocatul a spus c\u0103 acesta ac\u0163ioneaz\u0103 pe pia\u0163a criptomonedelor de aproximativ \u015fapte ani.\u201eDin primul moment \u00een care organele de cercetare au venit la Bogdan acas\u0103, acum trei luni, Bogdan le-a ar\u0103tat pentru c\u0103 este de bun\u0103 credin\u0163\u0103, am f\u0103cut men\u0163iunea, eu i-am spus c\u0103 nu trebuie s\u0103 le dea accesul, dar el a zis c\u0103 trebuie s\u0103 fie de bun\u0103 credin\u0163\u0103 \u015fi i-am explicat \u015fi le-a ar\u0103tat c\u0103 acei bani vin din trading de monede. Deci nu are nici m\u0103car un cent care s\u0103 nu fie dovedit. Deci este dovedit\u201d, a spus avocatul.Acesta a precizat c\u0103 a contestat m\u0103sura re\u0163inerii clientului s\u0103u \u015fi c\u0103 va face \u015fi pl\u00e2ngere penal\u0103 pentru c\u0103 Bogdan pe\u015fchir a fost obligat de poli\u0163i\u015fti s\u0103-\u015fi arate fa\u0163a.Avocatul a mai spus c\u0103 Pe\u015fchir doneaz\u0103 de doi ani pe TikTok \u015fi c\u0103 nu are leg\u0103tur\u0103 cu op\u0163iunile politice ale nim\u0103nui.<\/p>","protected":false},"excerpt":{"rendered":"<p>Pe\u015fchir a contestat plasarea sa \u00een arest preventiv pentru 30 de zile chiar vineri, c\u00e2nd&hellip;<\/p>\n","protected":false},"author":0,"featured_media":41601,"comment_status":"open","ping_status":"open","sticky":false,"template":"","format":"standard","meta":{"footnotes":""},"categories":[2],"tags":[],"class_list":["post-41608","post","type-post","status-publish","format-standard","has-post-thumbnail","hentry","category-actual"],"_links":{"self":[{"href":"https:\/\/247stiri.ro\/index.php\/wp-json\/wp\/v2\/posts\/41608","targetHints":{"allow":["GET"]}}],"collection":[{"href":"https:\/\/247stiri.ro\/index.php\/wp-json\/wp\/v2\/posts"}],"about":[{"href":"https:\/\/247stiri.ro\/index.php\/wp-json\/wp\/v2\/types\/post"}],"replies":[{"embeddable":true,"href":"https:\/\/247stiri.ro\/index.php\/wp-json\/wp\/v2\/comments?post=41608"}],"version-history":[{"count":0,"href":"https:\/\/247stiri.ro\/index.php\/wp-json\/wp\/v2\/posts\/41608\/revisions"}],"wp:featuredmedia":[{"embeddable":true,"href":"https:\/\/247stiri.ro\/index.php\/wp-json\/wp\/v2\/media\/41601"}],"wp:attachment":[{"href":"https:\/\/247stiri.ro\/index.php\/wp-json\/wp\/v2\/media?parent=41608"}],"wp:term":[{"taxonomy":"category","embeddable":true,"href":"https:\/\/247stiri.ro\/index.php\/wp-json\/wp\/v2\/categories?post=41608"},{"taxonomy":"post_tag","embeddable":true,"href":"https:\/\/247stiri.ro\/index.php\/wp-json\/wp\/v2\/tags?post=41608"}],"curies":[{"name":"wp","href":"https:\/\/api.w.org\/{rel}","templated":true}]}}