{"id":41623,"date":"2025-03-22T12:44:51","date_gmt":"2025-03-22T12:44:51","guid":{"rendered":"https:\/\/247stiri.ro\/index.php\/2025\/03\/22\/incendiu-in-prahova-doua-locuinte-cuprinse-de-flacari-sunt-trei-raniti-iar-doua-dintre-victime-au-fost-duse-la-spital\/"},"modified":"2025-03-22T12:44:51","modified_gmt":"2025-03-22T12:44:51","slug":"incendiu-in-prahova-doua-locuinte-cuprinse-de-flacari-sunt-trei-raniti-iar-doua-dintre-victime-au-fost-duse-la-spital","status":"publish","type":"post","link":"https:\/\/247stiri.ro\/index.php\/2025\/03\/22\/incendiu-in-prahova-doua-locuinte-cuprinse-de-flacari-sunt-trei-raniti-iar-doua-dintre-victime-au-fost-duse-la-spital\/","title":{"rendered":"Incendiu \u00een Prahova. Dou\u0103 locuin\u021be cuprinse de fl\u0103c\u0103ri. Sunt trei r\u0103ni\u021bi, iar dou\u0103 dintre victime au fost duse la spital"},"content":{"rendered":"<p>Incendiul a izbucnit la o locuin\u0163\u0103 din comuna Scor\u0163eni, satul Bordenii Mici \u015fi s-a extins rapid la o a doua locuin\u0163\u0103.\u00a0\u00a0\u201eIncendiul a afectat dou\u0103 case particulare, pe o suprafa\u0163\u0103 total\u0103 de aproximativ 300 de metri p\u0103tra\u0163i, pompierii reu\u015find s\u0103 \u00eempiedice propagarea fl\u0103c\u0103rilor la cl\u0103dirile \u00eenvecinate. Din nefericire, trei persoane au suferit arsuri\u201d, informeaz\u0103 ISU Prahova.\u00a0\u00a0Victimele sunt o femeie de 29 ani care a suferit arsuri de gradele unu \u015fi doi pe aproximativ 10% din corp, o femeie de 58 ani cu arsuri de gradele unu \u015fi doi pe aproximativ 10% \u015fi un b\u0103rbat de 65 ani cu arsuri pe 15% din suprafa\u0163a corpului.\u00a0\u00cen urma evalu\u0103rii medicale, femeia de 29 de ani \u015fi b\u0103rbatul de 65 ani sunt transporta\u0163i la spital de un echipaj medical.\u00a0\u00a0La ora transmiterii acestei \u015ftiri, patru autospeciale de stingere ac\u0163ioneaz\u0103 pentru lichidarea incendiului.<\/p>","protected":false},"excerpt":{"rendered":"<p>Incendiul a izbucnit la o locuin\u0163\u0103 din comuna Scor\u0163eni, satul Bordenii Mici \u015fi s-a extins&hellip;<\/p>\n","protected":false},"author":0,"featured_media":41624,"comment_status":"open","ping_status":"open","sticky":false,"template":"","format":"standard","meta":{"footnotes":""},"categories":[2],"tags":[],"class_list":["post-41623","post","type-post","status-publish","format-standard","has-post-thumbnail","hentry","category-actual"],"_links":{"self":[{"href":"https:\/\/247stiri.ro\/index.php\/wp-json\/wp\/v2\/posts\/41623","targetHints":{"allow":["GET"]}}],"collection":[{"href":"https:\/\/247stiri.ro\/index.php\/wp-json\/wp\/v2\/posts"}],"about":[{"href":"https:\/\/247stiri.ro\/index.php\/wp-json\/wp\/v2\/types\/post"}],"replies":[{"embeddable":true,"href":"https:\/\/247stiri.ro\/index.php\/wp-json\/wp\/v2\/comments?post=41623"}],"version-history":[{"count":0,"href":"https:\/\/247stiri.ro\/index.php\/wp-json\/wp\/v2\/posts\/41623\/revisions"}],"wp:featuredmedia":[{"embeddable":true,"href":"https:\/\/247stiri.ro\/index.php\/wp-json\/wp\/v2\/media\/41624"}],"wp:attachment":[{"href":"https:\/\/247stiri.ro\/index.php\/wp-json\/wp\/v2\/media?parent=41623"}],"wp:term":[{"taxonomy":"category","embeddable":true,"href":"https:\/\/247stiri.ro\/index.php\/wp-json\/wp\/v2\/categories?post=41623"},{"taxonomy":"post_tag","embeddable":true,"href":"https:\/\/247stiri.ro\/index.php\/wp-json\/wp\/v2\/tags?post=41623"}],"curies":[{"name":"wp","href":"https:\/\/api.w.org\/{rel}","templated":true}]}}