{"id":41628,"date":"2025-03-22T12:44:53","date_gmt":"2025-03-22T12:44:53","guid":{"rendered":"https:\/\/247stiri.ro\/index.php\/2025\/03\/22\/gara-in-care-trenul-nu-a-ajuns-niciodata-se-afla-in-romania\/"},"modified":"2025-03-22T12:44:53","modified_gmt":"2025-03-22T12:44:53","slug":"gara-in-care-trenul-nu-a-ajuns-niciodata-se-afla-in-romania","status":"publish","type":"post","link":"https:\/\/247stiri.ro\/index.php\/2025\/03\/22\/gara-in-care-trenul-nu-a-ajuns-niciodata-se-afla-in-romania\/","title":{"rendered":"Gara \u00een care trenul nu a ajuns niciodat\u0103 se afl\u0103 \u00een Rom\u00e2nia!"},"content":{"rendered":"<p>Un proiect ambi\u021bios, abandonat<\/p>\n<p class=\"svelte-uzyam9\">Localitatea Dr\u0103gu\u0219eni, situat\u0103 la doar opt kilometri de ora\u0219ul S\u0103veni, a fost inclus\u0103 \u00eentr-un proiect grandios al regimului comunist. Conform planurilor, linia ferat\u0103 urma s\u0103 fac\u0103 leg\u0103tura \u00eentre municipiul Ia\u0219i \u0219i ora\u0219ul Darabani, din nordul jude\u021bului\u00a0Boto\u0219ani,\u00a0\u00a0potrivit G4Media.ro.\u00a0\u00a0<\/p>\n<p class=\"svelte-uzyam9\">Lucr\u0103rile au avansat rapid: \u00een 1986, calea ferat\u0103 a ajuns la S\u0103veni, iar un an mai t\u00e2rziu s-a extins p\u00e2n\u0103 \u00een Dr\u0103gu\u0219eni. A fost ridicat\u0103 sta\u021bia de c\u0103l\u0103tori, complet echipat\u0103 cu peron \u0219i spa\u021bii administrative destinate personalului feroviar. Cu toate acestea, trenurile de c\u0103l\u0103tori nu au circulat niciodat\u0103 pe aceast\u0103 rut\u0103.<\/p>\n<p>Un proiect f\u0103r\u0103 finalitate<\/p>\n<p>Localnicii povestesc cu regret despre acest proiect costisitor, care a fost abandonat. Vica Nistor, o locuitoare din zon\u0103, spune c\u0103, de\u0219i calea ferat\u0103 a fost construit\u0103, trenurile nu au circulat niciodat\u0103:\u00a0\u201eTrenul nu a circulat niciodat\u0103, de c\u00e2nd s-a f\u0103cut calea ferat\u0103. Or fi vrut s\u0103 fie mai aproape cu transportul, dar totul a r\u0103mas a\u0219a. Timpul nu se mai \u00eentoarce.\u201d<\/p>\n<p class=\"svelte-uzyam9\">Un alt localnic, pensionar din Dr\u0103gu\u0219eni, rememoreaz\u0103 rapiditatea lucr\u0103rilor, dar \u0219i lipsa utilit\u0103\u021bii investi\u021biei:\u00a0\u201eA fost aproape de func\u021bionare, pe aceast\u0103 cale ferat\u0103 a fost un singur tren, care a adus piatra pentru construc\u021bia liniei. C\u00e2t materiale au fost b\u0103gate aici&#8230; P\u0103cat de investi\u021bie!\u201d<\/p>\n<p>Gara transformat\u0103 \u00een ferm\u0103 zootehnic\u0103<\/p>\n<p class=\"svelte-uzyam9\">Trecerea timpului a transformat complet fosta halt\u0103. Cl\u0103direa, care ar fi trebuit s\u0103 fie sta\u021bie feroviar\u0103, a fost dat\u0103 \u00een chirie unei familii \u0219i este acum utilizat\u0103 ca ferm\u0103 zootehnic\u0103. Buc\u0103\u021bi din calea ferat\u0103 au disp\u0103rut, traversele de lemn fiind furate de-a lungul anilor.<\/p>\n<p class=\"svelte-uzyam9\">Fostul secretar al comunei Dr\u0103gu\u0219eni, Livea Ursolinschi, a confirmat abandonul proiectului:\u00a0\u201eCalea ferat\u0103 nu a fost func\u021bional\u0103 niciodat\u0103. E regretabil. Era bine dac\u0103 era func\u021bional\u0103&#8230; Nu s-a mai continuat lucrarea \u0219i a r\u0103mas la Dr\u0103gu\u0219eni. Nici nu avea cum s\u0103 fie func\u021bional\u0103, at\u00e2ta timp c\u00e2t nu a fost terminat\u0103.\u201d<\/p>\n<p class=\"svelte-uzyam9\">Continuarea pe <a href=\"https:\/\/click.ro\/\" target=\"_blank\">Click.ro<\/a><\/p>","protected":false},"excerpt":{"rendered":"<p>Un proiect ambi\u021bios, abandonat Localitatea Dr\u0103gu\u0219eni, situat\u0103 la doar opt kilometri de ora\u0219ul S\u0103veni, a&hellip;<\/p>\n","protected":false},"author":0,"featured_media":41616,"comment_status":"open","ping_status":"open","sticky":false,"template":"","format":"standard","meta":{"footnotes":""},"categories":[2],"tags":[],"class_list":["post-41628","post","type-post","status-publish","format-standard","has-post-thumbnail","hentry","category-actual"],"_links":{"self":[{"href":"https:\/\/247stiri.ro\/index.php\/wp-json\/wp\/v2\/posts\/41628","targetHints":{"allow":["GET"]}}],"collection":[{"href":"https:\/\/247stiri.ro\/index.php\/wp-json\/wp\/v2\/posts"}],"about":[{"href":"https:\/\/247stiri.ro\/index.php\/wp-json\/wp\/v2\/types\/post"}],"replies":[{"embeddable":true,"href":"https:\/\/247stiri.ro\/index.php\/wp-json\/wp\/v2\/comments?post=41628"}],"version-history":[{"count":0,"href":"https:\/\/247stiri.ro\/index.php\/wp-json\/wp\/v2\/posts\/41628\/revisions"}],"wp:featuredmedia":[{"embeddable":true,"href":"https:\/\/247stiri.ro\/index.php\/wp-json\/wp\/v2\/media\/41616"}],"wp:attachment":[{"href":"https:\/\/247stiri.ro\/index.php\/wp-json\/wp\/v2\/media?parent=41628"}],"wp:term":[{"taxonomy":"category","embeddable":true,"href":"https:\/\/247stiri.ro\/index.php\/wp-json\/wp\/v2\/categories?post=41628"},{"taxonomy":"post_tag","embeddable":true,"href":"https:\/\/247stiri.ro\/index.php\/wp-json\/wp\/v2\/tags?post=41628"}],"curies":[{"name":"wp","href":"https:\/\/api.w.org\/{rel}","templated":true}]}}