{"id":41639,"date":"2025-03-22T13:44:50","date_gmt":"2025-03-22T13:44:50","guid":{"rendered":"https:\/\/247stiri.ro\/index.php\/2025\/03\/22\/un-oras-din-romania-va-ramane-in-bezna-timp-de-o-ora-sambata-seara\/"},"modified":"2025-03-22T13:44:50","modified_gmt":"2025-03-22T13:44:50","slug":"un-oras-din-romania-va-ramane-in-bezna-timp-de-o-ora-sambata-seara","status":"publish","type":"post","link":"https:\/\/247stiri.ro\/index.php\/2025\/03\/22\/un-oras-din-romania-va-ramane-in-bezna-timp-de-o-ora-sambata-seara\/","title":{"rendered":"Un ora\u0219 din Rom\u00e2nia va r\u0103m\u00e2ne \u00een bezn\u0103, timp de o or\u0103, s\u00e2mb\u0103t\u0103 seara"},"content":{"rendered":"<p>Bra\u0219ovul va marca ast\u0103zi, 22 martie 2025, \u201eOra P\u0103m\u00e2ntului\u201d, cel mai mare eveniment la nivel mondial dedicat mediului, c\u00e2nd, pre\u021b de o or\u0103, lumina se stinge \u00een mod simbolic \u0219i natura devine prioritar\u0103.<\/p>\n<p>\u00cen acest sens, Prim\u0103ria Bra\u0219ov a transmis printr-un comunicat publicat pe site-ul institu\u021biei c\u0103 iluminatul public va fi oprit \u00een centrul istoric al ora\u0219ului s\u00e2mb\u0103t\u0103, 22 martie, \u00eentre orele 20.30 \u0219i 21.30.<\/p>\n<p>Astfel, iluminatul public va fi oprit pe str\u0103zile: Mure\u0219enilor, G. Bari\u021biu, \u0218irul Ludwig van Beethoven, Aleea Tiberiu Brediceanu, str. Prundului, Gh. Baiulescu, Castelului, Pene\u0219 Curcanul, Cerbului, G. Co\u0219buc, Sforii, Poarta \u0218chei, Paul Richter, Hans Benkner, Stephan Ludwig Roth, Grigora\u0219 Dinicu, Apollonia Hirscher, Alecu Russo, Johann Gott, Diaconu Coresi, Nicolae B\u0103lcescu, Michael Weiss, Politehnicii, Post\u0103varului, Republicii, Mihail Sadoveanu, Sf. Ioan. De asemenea, luminile vor fi stinse \u00een Pia\u021ba Sfatului, \u00een curtea Bisericii Negre, \u00een Pia\u021ba Enescu \u0219i \u00een pia\u021beta de pe str. Sf. Ioan.<\/p>\n<p>\u201ePentru a sublinia \u0219i mai mult modul \u00een care comportamentul fiec\u0103ruia dintre noi influen\u021beaz\u0103 viitorul planetei, \u00een ultimele 15 minute ale Orei P\u0103m\u00e2ntului (21.15-21.30), literele de pe T\u00e2mpa se vor aprinde \u0219i vor pulsa asemenea b\u0103t\u0103ilor inimii. De asemenea, pentru a marca acest moment, Corul Na\u021bional de Camer\u0103 \u00abMadrigal \u2013 Marin Constantin\u00bb, institu\u021bie aflat\u0103 \u00een subordinea Ministerului Culturii, va sus\u021bine un recital muzical \u00een aer liber, \u00een Pia\u021ba Sfatului, cu 120 de copii de la mai multe coruri.<\/p>\n<p>\u00cen cadrul acestui eveniment, corurile de copii vor c\u00e2nta \u00eempreun\u0103 timp de o or\u0103 sub \u00eendrumarea unui coordonator local \u0219i a unui reprezentant al Corului Na\u021bional de Camer\u0103 \u00abMadrigal \u2013 Marin Constantin\u00bb\u201d, se mai arat\u0103 \u00een comunicatul de pres\u0103 disponibil pe site-ul Prim\u0103riei Bra\u0219ov. Ora P\u0103m\u00e2ntului este un eveniment interna\u021bional care are loc \u00een ultima s\u00e2mb\u0103t\u0103 din luna martie a fiec\u0103rui an \u0219i const\u0103 \u00een stingerea luminii \u0219i oprirea aparatelor electrocasnice neesen\u021biale timp de o or\u0103, \u00een mod voluntar, at\u00e2t de indivizi c\u00e2t \u0219i de companii.<\/p>\n<p><a href=\"https:\/\/www.realitatea.net\/stiri\/actual\/piata-obor-vizitata-de-inspectorii-anpc-amenzi-usturatoare-pentru-unii-comerciantii-de-peste_67deb85edb24a85582155113\" target=\"_blank\">Pia\u021ba Obor, vizitat\u0103 de inspectorii ANPC. Amenzi ustur\u0103toare pentru unii comercian\u021bii de pe\u0219te<\/a><\/p>","protected":false},"excerpt":{"rendered":"<p>Bra\u0219ovul va marca ast\u0103zi, 22 martie 2025, \u201eOra P\u0103m\u00e2ntului\u201d, cel mai mare eveniment la nivel&hellip;<\/p>\n","protected":false},"author":0,"featured_media":41640,"comment_status":"open","ping_status":"open","sticky":false,"template":"","format":"standard","meta":{"footnotes":""},"categories":[2],"tags":[],"class_list":["post-41639","post","type-post","status-publish","format-standard","has-post-thumbnail","hentry","category-actual"],"_links":{"self":[{"href":"https:\/\/247stiri.ro\/index.php\/wp-json\/wp\/v2\/posts\/41639","targetHints":{"allow":["GET"]}}],"collection":[{"href":"https:\/\/247stiri.ro\/index.php\/wp-json\/wp\/v2\/posts"}],"about":[{"href":"https:\/\/247stiri.ro\/index.php\/wp-json\/wp\/v2\/types\/post"}],"replies":[{"embeddable":true,"href":"https:\/\/247stiri.ro\/index.php\/wp-json\/wp\/v2\/comments?post=41639"}],"version-history":[{"count":0,"href":"https:\/\/247stiri.ro\/index.php\/wp-json\/wp\/v2\/posts\/41639\/revisions"}],"wp:featuredmedia":[{"embeddable":true,"href":"https:\/\/247stiri.ro\/index.php\/wp-json\/wp\/v2\/media\/41640"}],"wp:attachment":[{"href":"https:\/\/247stiri.ro\/index.php\/wp-json\/wp\/v2\/media?parent=41639"}],"wp:term":[{"taxonomy":"category","embeddable":true,"href":"https:\/\/247stiri.ro\/index.php\/wp-json\/wp\/v2\/categories?post=41639"},{"taxonomy":"post_tag","embeddable":true,"href":"https:\/\/247stiri.ro\/index.php\/wp-json\/wp\/v2\/tags?post=41639"}],"curies":[{"name":"wp","href":"https:\/\/api.w.org\/{rel}","templated":true}]}}