{"id":41646,"date":"2025-03-22T13:44:53","date_gmt":"2025-03-22T13:44:53","guid":{"rendered":"https:\/\/247stiri.ro\/index.php\/2025\/03\/22\/sute-de-oameni-au-fost-arestati-in-urma-protestelor-din-turcia\/"},"modified":"2025-03-22T13:44:53","modified_gmt":"2025-03-22T13:44:53","slug":"sute-de-oameni-au-fost-arestati-in-urma-protestelor-din-turcia","status":"publish","type":"post","link":"https:\/\/247stiri.ro\/index.php\/2025\/03\/22\/sute-de-oameni-au-fost-arestati-in-urma-protestelor-din-turcia\/","title":{"rendered":"Sute de oameni au fost aresta\u021bi \u00een urma protestelor din Turcia"},"content":{"rendered":"<p>Sute de arest\u0103ri dup\u0103 protestele violente de vineri Ministrul de Interne, Ali Yerlikaya, a declarat c\u0103 arest\u0103rile au fost f\u0103cute pentru a preveni \u201eperturbarea ordinii publice\u201d, men\u021bion\u00e2nd c\u0103 \u201eCei care caut\u0103 haos \u015fi provocare nu vor fi tolera\u0163i\u201d.Protestele au \u00eenceput miercuri, c\u00e2nd Imamoglu a fost re\u021binut sub acuza\u021bii de corup\u021bie \u0219i sprijinirea unui grup terorist. Primarul Istanbulului este considerat principalul rival politic al pre\u0219edintelui Recep Tayyip Erdogan. Partidului Republican al Poporului (CHP), din care face parte Imamoglu, a condamnat decizia ca fiind motivat\u0103 politic \u0219i a \u00eendemnat sus\u021bin\u0103torii s\u0103 demonstreze legal, conform Reuters, scrie<a href=\"https:\/\/www.libertatea.ro\/stiri\/343-oameni-arestati-dupa-proteste-impotriva-arestarii-primarului-istanbul-5242836\" target=\"_blank\"> Libertatea.<\/a><\/p>\n<p>Consecin\u021bele economice ale arest\u0103rii lui Imamoglu Pie\u021bele financiare turce au fost afectate de arestarea lui Imamoglu. Lira \u0219i obliga\u021biunile s-au pr\u0103bu\u0219it, iar ac\u021biunile din Istanbul au sc\u0103zut vineri cu aproape 8%. Ministrul de finan\u021be, Mehmet Simsek, a asigurat bancherii c\u0103 fluctua\u021biile temporare de pe pia\u021b\u0103 sunt monitorizate \u00eendeaproape \u0219i c\u0103 se iau m\u0103surile necesare. Banca central\u0103 a majorat rata dob\u00e2nzii overnight \u0219i a cheltuit aproximativ 10 miliarde de dolari din rezervele valutare pentru a stabiliza moneda. Infla\u021bia a fost de 39% luna trecut\u0103.<\/p>\n<p><a href=\"https:\/\/www.realitatea.net\/stiri\/actual\/proteste-in-turcia-ciocniri-violente-intre-protestatari-si-politisti-scene-dramatice_67de54e66520a715292374fe\" target=\"_blank\">Proteste \u00een Turcia! Ciocniri violente \u00eentre protestatari \u0219i poli\u021bi\u0219ti, scene dramatice<\/a><\/p>","protected":false},"excerpt":{"rendered":"<p>Sute de arest\u0103ri dup\u0103 protestele violente de vineri Ministrul de Interne, Ali Yerlikaya, a declarat&hellip;<\/p>\n","protected":false},"author":0,"featured_media":41632,"comment_status":"open","ping_status":"open","sticky":false,"template":"","format":"standard","meta":{"footnotes":""},"categories":[2],"tags":[],"class_list":["post-41646","post","type-post","status-publish","format-standard","has-post-thumbnail","hentry","category-actual"],"_links":{"self":[{"href":"https:\/\/247stiri.ro\/index.php\/wp-json\/wp\/v2\/posts\/41646","targetHints":{"allow":["GET"]}}],"collection":[{"href":"https:\/\/247stiri.ro\/index.php\/wp-json\/wp\/v2\/posts"}],"about":[{"href":"https:\/\/247stiri.ro\/index.php\/wp-json\/wp\/v2\/types\/post"}],"replies":[{"embeddable":true,"href":"https:\/\/247stiri.ro\/index.php\/wp-json\/wp\/v2\/comments?post=41646"}],"version-history":[{"count":0,"href":"https:\/\/247stiri.ro\/index.php\/wp-json\/wp\/v2\/posts\/41646\/revisions"}],"wp:featuredmedia":[{"embeddable":true,"href":"https:\/\/247stiri.ro\/index.php\/wp-json\/wp\/v2\/media\/41632"}],"wp:attachment":[{"href":"https:\/\/247stiri.ro\/index.php\/wp-json\/wp\/v2\/media?parent=41646"}],"wp:term":[{"taxonomy":"category","embeddable":true,"href":"https:\/\/247stiri.ro\/index.php\/wp-json\/wp\/v2\/categories?post=41646"},{"taxonomy":"post_tag","embeddable":true,"href":"https:\/\/247stiri.ro\/index.php\/wp-json\/wp\/v2\/tags?post=41646"}],"curies":[{"name":"wp","href":"https:\/\/api.w.org\/{rel}","templated":true}]}}