{"id":41657,"date":"2025-03-22T14:44:51","date_gmt":"2025-03-22T14:44:51","guid":{"rendered":"https:\/\/247stiri.ro\/index.php\/2025\/03\/22\/copila-de-4-ani-lovita-in-plin-de-o-masina-in-timp-ce-se-plimba-cu-bicicleta-totul-s-a-petrecut-sub-privirile-tatalui-ei\/"},"modified":"2025-03-22T14:44:51","modified_gmt":"2025-03-22T14:44:51","slug":"copila-de-4-ani-lovita-in-plin-de-o-masina-in-timp-ce-se-plimba-cu-bicicleta-totul-s-a-petrecut-sub-privirile-tatalui-ei","status":"publish","type":"post","link":"https:\/\/247stiri.ro\/index.php\/2025\/03\/22\/copila-de-4-ani-lovita-in-plin-de-o-masina-in-timp-ce-se-plimba-cu-bicicleta-totul-s-a-petrecut-sub-privirile-tatalui-ei\/","title":{"rendered":"Copil\u0103 de 4 ani, lovit\u0103 \u00een plin de o ma\u0219in\u0103 \u00een timp ce se plimba cu bicicleta. Totul s-a petrecut sub privirile tat\u0103lui ei"},"content":{"rendered":"<p>Incidentul s-a petrecut chiar sub privirile tat\u0103lui micu\u021bei, care se afla \u00een spatele ei, pe o alt\u0103 biciclet\u0103. \u00cen urma impactului, feti\u021ba s-a ales cu mai multe<a href=\"https:\/\/www.realitatea.net\/stiri\/actual\/accident-grav-in-dolj-soferii-implicati-au-lasat-masinile-avariate-si-au-plecat_67de8d30c61b6637901e3702\" target=\"_blank\"> r\u0103ni<\/a> \u0219i a fost transportat\u0103 de urgen\u021b\u0103 la spital.\u00a0<\/p>\n<p>\u201dLa data de 22 martie 2025, \u00een jurul orei 11:20, poli\u0163i\u015ftii Biroului Rutier Timi\u015foara au fost sesiza\u0163i cu privire la producerea unui accident rutier \u00een localitatea Mo\u015fni\u0163a Veche. Din primele cercet\u0103ri efectuate la fa\u0163a locului, a rezultat faptul c\u0103 o feti\u0163\u0103, \u00een timp ce se deplasa cu bicicleta pe strada Fibi\u015f, din localitatea Mo\u015fni\u0163a Veche, la intersec\u0163ia cu strada Dumbrava ar fi fost surprins\u0103 \u015fi accidentat\u0103 de un autoturism condus de c\u0103tre o femeie, \u00een v\u00e2rst\u0103 de 42 de ani. \u00cen spatele minorei, tot cu bicicleta se afla \u015fi tat\u0103l acesteia, un b\u0103rbat, \u00een v\u00e2rst\u0103 de 47 de ani\u201d, a transmis IPJ Timi\u015f.<\/p>\n<p>Confrom prevederilor legale, poli\u021bi\u0219tii de la Brigada Rutier\u0103 au testat-o pe \u0219oferi\u021ba de 42 de ani cu aparatul etilotest, iar rezultatul a fost negativ.\u00a0<\/p>\n<p>\u00cen acest caz, oamenii legii au deschis un dosar penal pentru v\u0103t\u0103mare corporal\u0103 din culp\u0103 \u0219i continu\u0103 cercet\u0103rile pentru a stabili cu exactitate cauzele \u0219i \u00eemprejur\u0103rile \u00een care s-a produs evenimentul rutier.\u00a0<\/p>","protected":false},"excerpt":{"rendered":"<p>Incidentul s-a petrecut chiar sub privirile tat\u0103lui micu\u021bei, care se afla \u00een spatele ei, pe&hellip;<\/p>\n","protected":false},"author":0,"featured_media":41658,"comment_status":"open","ping_status":"open","sticky":false,"template":"","format":"standard","meta":{"footnotes":""},"categories":[2],"tags":[],"class_list":["post-41657","post","type-post","status-publish","format-standard","has-post-thumbnail","hentry","category-actual"],"_links":{"self":[{"href":"https:\/\/247stiri.ro\/index.php\/wp-json\/wp\/v2\/posts\/41657","targetHints":{"allow":["GET"]}}],"collection":[{"href":"https:\/\/247stiri.ro\/index.php\/wp-json\/wp\/v2\/posts"}],"about":[{"href":"https:\/\/247stiri.ro\/index.php\/wp-json\/wp\/v2\/types\/post"}],"replies":[{"embeddable":true,"href":"https:\/\/247stiri.ro\/index.php\/wp-json\/wp\/v2\/comments?post=41657"}],"version-history":[{"count":0,"href":"https:\/\/247stiri.ro\/index.php\/wp-json\/wp\/v2\/posts\/41657\/revisions"}],"wp:featuredmedia":[{"embeddable":true,"href":"https:\/\/247stiri.ro\/index.php\/wp-json\/wp\/v2\/media\/41658"}],"wp:attachment":[{"href":"https:\/\/247stiri.ro\/index.php\/wp-json\/wp\/v2\/media?parent=41657"}],"wp:term":[{"taxonomy":"category","embeddable":true,"href":"https:\/\/247stiri.ro\/index.php\/wp-json\/wp\/v2\/categories?post=41657"},{"taxonomy":"post_tag","embeddable":true,"href":"https:\/\/247stiri.ro\/index.php\/wp-json\/wp\/v2\/tags?post=41657"}],"curies":[{"name":"wp","href":"https:\/\/api.w.org\/{rel}","templated":true}]}}