{"id":41662,"date":"2025-03-22T14:44:53","date_gmt":"2025-03-22T14:44:53","guid":{"rendered":"https:\/\/247stiri.ro\/index.php\/2025\/03\/22\/ion-cristoiu-il-torpileaza-pe-militianul-predoiu-cat-e-ministru-alegerile-nu-vor-fi-corecte-video\/"},"modified":"2025-03-22T14:44:53","modified_gmt":"2025-03-22T14:44:53","slug":"ion-cristoiu-il-torpileaza-pe-militianul-predoiu-cat-e-ministru-alegerile-nu-vor-fi-corecte-video","status":"publish","type":"post","link":"https:\/\/247stiri.ro\/index.php\/2025\/03\/22\/ion-cristoiu-il-torpileaza-pe-militianul-predoiu-cat-e-ministru-alegerile-nu-vor-fi-corecte-video\/","title":{"rendered":"Ion Cristoiu \u00eel torpileaz\u0103 pe mili\u021bianul Predoiu: \u201eC\u00e2t e ministru, alegerile nu vor fi corecte\u201d VIDEO"},"content":{"rendered":"<p>Ion Cristoiu \u00eel descrie pe Predoiu ca un exponent al unui regim autoritar, un om care a influen\u021bat profund via\u021ba politic\u0103 a \u021b\u0103rii.\u00a0<\/p>\n<p>\u201eC\u00e2t\u0103 vreme C\u0103t\u0103lin Predoiu este ministru la Interne \u0219i Administra\u021bie, \u00een Rom\u00e2nia nu vor fi alegeri libere \u0219i corecte. C\u0103t\u0103lin Predoiu, eu \u00eei spun \u201esinistru\u201d, este ministru de 14 ani \u00een toate guvernele, Ilie Bolojan l-a l\u0103sat pre\u0219edinte interimar la PNL, el nu e bun nici de pre\u0219edinte interimar nici m\u0103car la blocul sau vila \u00een care st\u0103, \u0219i nu e prima dat\u0103 c\u00e2nd \u00eel dezv\u0103lui \u00eel ar\u0103t ca unul din artizanii mi\u0219c\u0103rii manevrelor dictatoriale din Rom\u00e2nia\u201d, a declarat Ion Cristoiu.<\/p>\n<p><a title=\"@ioncristoiu\" href=\"https:\/\/www.tiktok.com\/@ioncristoiu?refer=embed\" target=\"_blank\">@ioncristoiu<\/a> <a title=\"cezicecristoiu\" href=\"https:\/\/www.tiktok.com\/tag\/cezicecristoiu?refer=embed\" target=\"_blank\">#cezicecristoiu<\/a> <a title=\"stiricomentate\" href=\"https:\/\/www.tiktok.com\/tag\/stiricomentate?refer=embed\" target=\"_blank\">#stiricomentate<\/a> <a title=\"\u266c sunet original - ioncristoiu\" href=\"https:\/\/www.tiktok.com\/music\/sunet-original-7484582576969796374?refer=embed\" target=\"_blank\">\u266c sunet original &#8211; ioncristoiu<\/a><\/p>","protected":false},"excerpt":{"rendered":"<p>Ion Cristoiu \u00eel descrie pe Predoiu ca un exponent al unui regim autoritar, un om&hellip;<\/p>\n","protected":false},"author":0,"featured_media":41656,"comment_status":"open","ping_status":"open","sticky":false,"template":"","format":"standard","meta":{"footnotes":""},"categories":[2],"tags":[],"class_list":["post-41662","post","type-post","status-publish","format-standard","has-post-thumbnail","hentry","category-actual"],"_links":{"self":[{"href":"https:\/\/247stiri.ro\/index.php\/wp-json\/wp\/v2\/posts\/41662","targetHints":{"allow":["GET"]}}],"collection":[{"href":"https:\/\/247stiri.ro\/index.php\/wp-json\/wp\/v2\/posts"}],"about":[{"href":"https:\/\/247stiri.ro\/index.php\/wp-json\/wp\/v2\/types\/post"}],"replies":[{"embeddable":true,"href":"https:\/\/247stiri.ro\/index.php\/wp-json\/wp\/v2\/comments?post=41662"}],"version-history":[{"count":0,"href":"https:\/\/247stiri.ro\/index.php\/wp-json\/wp\/v2\/posts\/41662\/revisions"}],"wp:featuredmedia":[{"embeddable":true,"href":"https:\/\/247stiri.ro\/index.php\/wp-json\/wp\/v2\/media\/41656"}],"wp:attachment":[{"href":"https:\/\/247stiri.ro\/index.php\/wp-json\/wp\/v2\/media?parent=41662"}],"wp:term":[{"taxonomy":"category","embeddable":true,"href":"https:\/\/247stiri.ro\/index.php\/wp-json\/wp\/v2\/categories?post=41662"},{"taxonomy":"post_tag","embeddable":true,"href":"https:\/\/247stiri.ro\/index.php\/wp-json\/wp\/v2\/tags?post=41662"}],"curies":[{"name":"wp","href":"https:\/\/api.w.org\/{rel}","templated":true}]}}