{"id":41674,"date":"2025-03-22T15:44:52","date_gmt":"2025-03-22T15:44:52","guid":{"rendered":"https:\/\/247stiri.ro\/index.php\/2025\/03\/22\/mae-atentionare-de-calatorie-pentru-turcia-marile-orase-paralizate-de-proteste-romanii-sunt-sfatuiti-sa-evite-zonele-aglomerate\/"},"modified":"2025-03-22T15:44:52","modified_gmt":"2025-03-22T15:44:52","slug":"mae-atentionare-de-calatorie-pentru-turcia-marile-orase-paralizate-de-proteste-romanii-sunt-sfatuiti-sa-evite-zonele-aglomerate","status":"publish","type":"post","link":"https:\/\/247stiri.ro\/index.php\/2025\/03\/22\/mae-atentionare-de-calatorie-pentru-turcia-marile-orase-paralizate-de-proteste-romanii-sunt-sfatuiti-sa-evite-zonele-aglomerate\/","title":{"rendered":"MAE, aten\u021bionare de c\u0103l\u0103torie pentru Turcia. Marile ora\u0219e, paralizate de proteste. Rom\u00e2nii sunt sf\u0103tui\u021bi s\u0103 evite zonele aglomerate"},"content":{"rendered":"<p>Reprezentan\u021bii MAE le recomand\u0103 cet\u0103\u0163enilor rom\u00e2ni s\u0103 verifice cu aten\u0163ie traseul deplas\u0103rii \u0163in\u00e2nd cont de faptul c\u0103 au loc <a href=\"https:\/\/www.realitatea.net\/stiri\/actual\/sute-de-oameni-arestati-in-urma-protestelor-din-istanbul_67deb31c825a5b53f87a0342\" target=\"_blank\">proteste <\/a>\u00een capitala Ankara, la Istanbul, Izmir \u015fi \u00een alte mari ora\u015fe.<\/p>\n<p>Potrivit lor, sunt vizate, \u00een principal, pie\u0163e \u015fi artere rutiere majore din marile ora\u015fe turce\u015fti, zonele centrale \u015fi turistice din Istanbul (precum Beyoglu, Galata, Taksim, Istiklal, Eminonu), respectiv zonele limitrofe universit\u0103\u0163ilor, sediilor de partid \u015fi\/sau loca\u0163ii ale administra\u0163iei publice\/centrale.<\/p>\n<p>MAE \u00eei sf\u0103tuie\u0219te pe rom\u00e2ni s\u0103 respecte instruc\u0163iunile autorit\u0103\u0163ilor locale, s\u0103 evite zonele aglomerate din marile ora\u015fe ale Turciei.<\/p>\n<p>De asemenea, ei trebuie s\u0103 \u0219tie c\u0103 pot solicita asisten\u0163\u0103 consular\u0103 la numerele de telefon ale Ambasadei Rom\u00e2niei la Ankara: +90.312.447.7945; +90.312.447.7940, Consulatului General al Rom\u00e2niei la Istanbul: 90 212.358.0516 \u015fi Consulatul General al Rom\u00e2niei la Izmir: +90 232 4650579, apelurile fiind redirec\u0163ionate c\u0103tre Centrul de Contact \u015fi Suport al Cet\u0103\u0163enilor Rom\u00e2ni din Str\u0103in\u0103tate \u015fi preluate de operatorii call center-ului \u00een regim de permanen\u0163\u0103.<\/p>","protected":false},"excerpt":{"rendered":"<p>Reprezentan\u021bii MAE le recomand\u0103 cet\u0103\u0163enilor rom\u00e2ni s\u0103 verifice cu aten\u0163ie traseul deplas\u0103rii \u0163in\u00e2nd cont de&hellip;<\/p>\n","protected":false},"author":0,"featured_media":41669,"comment_status":"open","ping_status":"open","sticky":false,"template":"","format":"standard","meta":{"footnotes":""},"categories":[2],"tags":[],"class_list":["post-41674","post","type-post","status-publish","format-standard","has-post-thumbnail","hentry","category-actual"],"_links":{"self":[{"href":"https:\/\/247stiri.ro\/index.php\/wp-json\/wp\/v2\/posts\/41674","targetHints":{"allow":["GET"]}}],"collection":[{"href":"https:\/\/247stiri.ro\/index.php\/wp-json\/wp\/v2\/posts"}],"about":[{"href":"https:\/\/247stiri.ro\/index.php\/wp-json\/wp\/v2\/types\/post"}],"replies":[{"embeddable":true,"href":"https:\/\/247stiri.ro\/index.php\/wp-json\/wp\/v2\/comments?post=41674"}],"version-history":[{"count":0,"href":"https:\/\/247stiri.ro\/index.php\/wp-json\/wp\/v2\/posts\/41674\/revisions"}],"wp:featuredmedia":[{"embeddable":true,"href":"https:\/\/247stiri.ro\/index.php\/wp-json\/wp\/v2\/media\/41669"}],"wp:attachment":[{"href":"https:\/\/247stiri.ro\/index.php\/wp-json\/wp\/v2\/media?parent=41674"}],"wp:term":[{"taxonomy":"category","embeddable":true,"href":"https:\/\/247stiri.ro\/index.php\/wp-json\/wp\/v2\/categories?post=41674"},{"taxonomy":"post_tag","embeddable":true,"href":"https:\/\/247stiri.ro\/index.php\/wp-json\/wp\/v2\/tags?post=41674"}],"curies":[{"name":"wp","href":"https:\/\/api.w.org\/{rel}","templated":true}]}}